{"id":3229,"date":"2021-03-26T16:59:16","date_gmt":"2021-03-26T15:59:16","guid":{"rendered":"http:\/\/agora.xtec.cat\/escola-solivent\/?p=3229"},"modified":"2021-03-26T16:59:16","modified_gmt":"2021-03-26T15:59:16","slug":"fira-cientifica","status":"publish","type":"post","link":"https:\/\/agora.xtec.cat\/escola-solivent\/general\/fira-cientifica\/","title":{"rendered":"FIRA CIENT\u00cdFICA"},"content":{"rendered":"<p>Avui, divendres 26 de mar\u00e7, hem realitzat la fira cient\u00edfica al Sol i Vent. Ha estat un dia on tot l&#8217;alumnat ha pogut observar, experimentar, preguntar, veure&#8230;. tots els experiments que s&#8217;han treballat al llarg d&#8217;aquesta setmana.<\/p>\n<p>FELICITATS PER LA FEINA FETA!<\/p>\n<p><iframe loading=\"lazy\" src=\"https:\/\/www.youtube.com\/embed\/8fCFloLwPuM\" width=\"560\" height=\"315\" frameborder=\"0\"><\/iframe><\/p>\n","protected":false},"excerpt":{"rendered":"<p>Avui, divendres 26 de mar\u00e7, hem realitzat la fira cient\u00edfica al Sol i Vent. Ha estat un dia on tot l&#8217;alumnat ha pogut observar, experimentar, preguntar, veure&#8230;. tots els experiments que s&#8217;han treballat al llarg d&#8217;aquesta setmana.<br \/>\nFELICITATS PER LA FEINA FETA!<\/p>\n","protected":false},"author":1,"featured_media":3225,"comment_status":"open","ping_status":"closed","sticky":false,"template":"","format":"standard","meta":{"_bbp_topic_count":0,"_bbp_reply_count":0,"_bbp_total_topic_count":0,"_bbp_total_reply_count":0,"_bbp_voice_count":0,"_bbp_anonymous_reply_count":0,"_bbp_topic_count_hidden":0,"_bbp_reply_count_hidden":0,"_bbp_forum_subforum_count":0,"footnotes":""},"categories":[1,2,4,5],"tags":[],"class_list":["post-3229","post","type-post","status-publish","format-standard","has-post-thumbnail","hentry","category-general","category-infantil","category-portada","category-primaria"],"post_mailing_queue_ids":[],"_links":{"self":[{"href":"https:\/\/agora.xtec.cat\/escola-solivent\/wp-json\/wp\/v2\/posts\/3229","targetHints":{"allow":["GET"]}}],"collection":[{"href":"https:\/\/agora.xtec.cat\/escola-solivent\/wp-json\/wp\/v2\/posts"}],"about":[{"href":"https:\/\/agora.xtec.cat\/escola-solivent\/wp-json\/wp\/v2\/types\/post"}],"author":[{"embeddable":true,"href":"https:\/\/agora.xtec.cat\/escola-solivent\/wp-json\/wp\/v2\/users\/1"}],"replies":[{"embeddable":true,"href":"https:\/\/agora.xtec.cat\/escola-solivent\/wp-json\/wp\/v2\/comments?post=3229"}],"version-history":[{"count":1,"href":"https:\/\/agora.xtec.cat\/escola-solivent\/wp-json\/wp\/v2\/posts\/3229\/revisions"}],"predecessor-version":[{"id":3230,"href":"https:\/\/agora.xtec.cat\/escola-solivent\/wp-json\/wp\/v2\/posts\/3229\/revisions\/3230"}],"wp:featuredmedia":[{"embeddable":true,"href":"https:\/\/agora.xtec.cat\/escola-solivent\/wp-json\/wp\/v2\/media\/3225"}],"wp:attachment":[{"href":"https:\/\/agora.xtec.cat\/escola-solivent\/wp-json\/wp\/v2\/media?parent=3229"}],"wp:term":[{"taxonomy":"category","embeddable":true,"href":"https:\/\/agora.xtec.cat\/escola-solivent\/wp-json\/wp\/v2\/categories?post=3229"},{"taxonomy":"post_tag","embeddable":true,"href":"https:\/\/agora.xtec.cat\/escola-solivent\/wp-json\/wp\/v2\/tags?post=3229"}],"curies":[{"name":"wp","href":"https:\/\/api.w.org\/{rel}","templated":true}]}}