{"id":3224,"date":"2021-03-22T10:09:42","date_gmt":"2021-03-22T09:09:42","guid":{"rendered":"http:\/\/agora.xtec.cat\/escola-solivent\/?p=3224"},"modified":"2021-03-22T10:09:42","modified_gmt":"2021-03-22T09:09:42","slug":"comenca-la-setmana-de-la-ciencia-al-sol-i-vent","status":"publish","type":"post","link":"https:\/\/agora.xtec.cat\/escola-solivent\/general\/comenca-la-setmana-de-la-ciencia-al-sol-i-vent\/","title":{"rendered":"COMEN\u00c7A LA SETMANA DE LA CI\u00c8NCIA AL SOL I VENT"},"content":{"rendered":"<div class=\"gmail_default\">Us informem que aquesta setmana l&#8217;alumnat de l&#8217;escola\u00a0treballar\u00e0 la ci\u00e8ncia.<\/div>\n<div class=\"gmail_default\">Des de P3 fins a 6\u00e8 (cadasc\u00fa al seu nivell) realitzar\u00e0 experiments, hip\u00f2tesis, observacions, coneixer\u00e0\u00a0a cient\u00edfics i cient\u00edfiques&#8230;<\/div>\n<div class=\"gmail_default\">Un munt d&#8217;activitats que tindr\u00e0 com a cloenda una fira cient\u00edfica el divendres 26 de mar\u00e7 al pati de l&#8217;escola amb una representaci\u00f3 de tots els experiments realitzats.<\/div>\n<div><\/div>\n<div><a href=\"https:\/\/agora.xtec.cat\/escola-solivent\/wp-content\/uploads\/usu1558\/2021\/03\/CARTELL-FIRA-CIENT\u00cdFICA.jpeg\"><img loading=\"lazy\" decoding=\"async\" class=\"aligncenter size-medium wp-image-3225\" src=\"https:\/\/agora.xtec.cat\/escola-solivent\/wp-content\/uploads\/usu1558\/2021\/03\/CARTELL-FIRA-CIENT\u00cdFICA-225x300.jpeg\" alt=\"\" width=\"225\" height=\"300\" srcset=\"https:\/\/agora.xtec.cat\/escola-solivent\/wp-content\/uploads\/usu1558\/2021\/03\/CARTELL-FIRA-CIENT\u00cdFICA-225x300.jpeg 225w, https:\/\/agora.xtec.cat\/escola-solivent\/wp-content\/uploads\/usu1558\/2021\/03\/CARTELL-FIRA-CIENT\u00cdFICA.jpeg 768w\" sizes=\"auto, (max-width: 225px) 100vw, 225px\" \/><\/a><\/div>\n","protected":false},"excerpt":{"rendered":"<p>Us informem que aquesta setmana l&#8217;alumnat de l&#8217;escola\u00a0treballar\u00e0 la ci\u00e8ncia.<br \/>\nDes de P3 fins a 6\u00e8 (cadasc\u00fa al seu nivell) realitzar\u00e0 experiments, hip\u00f2tesis, observacions, coneixer\u00e0\u00a0a cient\u00edfics i cient\u00edfiques&#8230;<br \/>\nUn munt d&#8217;activitats que tindr\u00e0 com a cloenda una fira cient\u00edfica el divendres 26 de mar\u00e7 al pati de&hellip;  <a href=\"https:\/\/agora.xtec.cat\/escola-solivent\/general\/comenca-la-setmana-de-la-ciencia-al-sol-i-vent\/\" title=\"Read COMEN\u00c7A LA SETMANA DE LA CI\u00c8NCIA AL SOL I VENT\">Llegeix m\u00e9s\u00bb<\/a><\/p>\n","protected":false},"author":1,"featured_media":3225,"comment_status":"open","ping_status":"closed","sticky":false,"template":"","format":"standard","meta":{"_bbp_topic_count":0,"_bbp_reply_count":0,"_bbp_total_topic_count":0,"_bbp_total_reply_count":0,"_bbp_voice_count":0,"_bbp_anonymous_reply_count":0,"_bbp_topic_count_hidden":0,"_bbp_reply_count_hidden":0,"_bbp_forum_subforum_count":0,"footnotes":""},"categories":[1,2,4,5],"tags":[],"class_list":["post-3224","post","type-post","status-publish","format-standard","has-post-thumbnail","hentry","category-general","category-infantil","category-portada","category-primaria"],"post_mailing_queue_ids":[],"_links":{"self":[{"href":"https:\/\/agora.xtec.cat\/escola-solivent\/wp-json\/wp\/v2\/posts\/3224","targetHints":{"allow":["GET"]}}],"collection":[{"href":"https:\/\/agora.xtec.cat\/escola-solivent\/wp-json\/wp\/v2\/posts"}],"about":[{"href":"https:\/\/agora.xtec.cat\/escola-solivent\/wp-json\/wp\/v2\/types\/post"}],"author":[{"embeddable":true,"href":"https:\/\/agora.xtec.cat\/escola-solivent\/wp-json\/wp\/v2\/users\/1"}],"replies":[{"embeddable":true,"href":"https:\/\/agora.xtec.cat\/escola-solivent\/wp-json\/wp\/v2\/comments?post=3224"}],"version-history":[{"count":1,"href":"https:\/\/agora.xtec.cat\/escola-solivent\/wp-json\/wp\/v2\/posts\/3224\/revisions"}],"predecessor-version":[{"id":3226,"href":"https:\/\/agora.xtec.cat\/escola-solivent\/wp-json\/wp\/v2\/posts\/3224\/revisions\/3226"}],"wp:featuredmedia":[{"embeddable":true,"href":"https:\/\/agora.xtec.cat\/escola-solivent\/wp-json\/wp\/v2\/media\/3225"}],"wp:attachment":[{"href":"https:\/\/agora.xtec.cat\/escola-solivent\/wp-json\/wp\/v2\/media?parent=3224"}],"wp:term":[{"taxonomy":"category","embeddable":true,"href":"https:\/\/agora.xtec.cat\/escola-solivent\/wp-json\/wp\/v2\/categories?post=3224"},{"taxonomy":"post_tag","embeddable":true,"href":"https:\/\/agora.xtec.cat\/escola-solivent\/wp-json\/wp\/v2\/tags?post=3224"}],"curies":[{"name":"wp","href":"https:\/\/api.w.org\/{rel}","templated":true}]}}