{"id":3211,"date":"2021-03-15T08:58:26","date_gmt":"2021-03-15T07:58:26","guid":{"rendered":"http:\/\/agora.xtec.cat\/escola-solivent\/?p=3211"},"modified":"2021-03-15T09:29:26","modified_gmt":"2021-03-15T08:29:26","slug":"preinscriu-te-al-sol-i-vent","status":"publish","type":"post","link":"https:\/\/agora.xtec.cat\/escola-solivent\/general\/preinscriu-te-al-sol-i-vent\/","title":{"rendered":"PREINSCRIU-TE AL SOL I VENT"},"content":{"rendered":"<p>Ha arribat el moment de presentar la sol\u00b7licitud de preinscripci\u00f3. Aquest any el proc\u00e9s \u00e9s completament telem\u00e0tic a trav\u00e9s de la web de la <a href=\"http:\/\/educacio.gencat.cat\/ca\/tramits\/tramits-temes\/20483-obligatoris?moda=2\">gencat.cat.<\/a> \u00c9s molt important, doncs, que entenguis b\u00e9 alguns aspectes fonamentals: el termini de presentaci\u00f3 de les sol\u00b7licituds, qu\u00e8 necessites per fer-ho i quin \u00e9s el procediment que has de seguir.<\/p>\n<p style=\"text-align: center;\">SI TENIU ALGUN DUBTE, PODEU ENVIAR-NOS UN CORREU A L&#8217;ESCOLA O TRUCAR (dimecres o divendres) I US AJUDAREM.<\/p>\n<h3 style=\"text-align: center;\"><a href=\"http:\/\/educacio.gencat.cat\/ca\/tramits\/tramits-temes\/20483-obligatoris?moda=2\">P\u00e0gina web per realitzar la preinscripci\u00f3.<\/a><\/h3>\n<p>&nbsp;<\/p>\n<p><a href=\"https:\/\/agora.xtec.cat\/escola-solivent\/wp-content\/uploads\/usu1558\/2021\/03\/infantil3-6-calendari.png_223078711.png\"><img loading=\"lazy\" decoding=\"async\" class=\"aligncenter size-medium wp-image-3212\" src=\"https:\/\/agora.xtec.cat\/escola-solivent\/wp-content\/uploads\/usu1558\/2021\/03\/infantil3-6-calendari.png_223078711-300x169.png\" alt=\"\" width=\"300\" height=\"169\" srcset=\"https:\/\/agora.xtec.cat\/escola-solivent\/wp-content\/uploads\/usu1558\/2021\/03\/infantil3-6-calendari.png_223078711-300x169.png 300w, https:\/\/agora.xtec.cat\/escola-solivent\/wp-content\/uploads\/usu1558\/2021\/03\/infantil3-6-calendari.png_223078711-768x432.png 768w, https:\/\/agora.xtec.cat\/escola-solivent\/wp-content\/uploads\/usu1558\/2021\/03\/infantil3-6-calendari.png_223078711.png 832w\" sizes=\"auto, (max-width: 300px) 100vw, 300px\" \/><\/a><\/p>\n","protected":false},"excerpt":{"rendered":"<p>Ha arribat el moment de presentar la sol\u00b7licitud de preinscripci\u00f3. Aquest any el proc\u00e9s \u00e9s completament telem\u00e0tic a trav\u00e9s de la web de la <a href=\"http:\/\/educacio.gencat.cat\/ca\/tramits\/tramits-temes\/20483-obligatoris?moda=2\">gencat.cat.<\/a> \u00c9s molt important, doncs, que entenguis b\u00e9 alguns aspectes fonamentals: el termini de presentaci\u00f3 de les sol\u00b7licituds, qu\u00e8 necessites&hellip;  <a href=\"https:\/\/agora.xtec.cat\/escola-solivent\/general\/preinscriu-te-al-sol-i-vent\/\" title=\"Read PREINSCRIU-TE AL SOL I VENT\">Llegeix m\u00e9s\u00bb<\/a><\/p>\n","protected":false},"author":1,"featured_media":3212,"comment_status":"open","ping_status":"closed","sticky":false,"template":"","format":"standard","meta":{"_bbp_topic_count":0,"_bbp_reply_count":0,"_bbp_total_topic_count":0,"_bbp_total_reply_count":0,"_bbp_voice_count":0,"_bbp_anonymous_reply_count":0,"_bbp_topic_count_hidden":0,"_bbp_reply_count_hidden":0,"_bbp_forum_subforum_count":0,"footnotes":""},"categories":[1,4],"tags":[],"class_list":["post-3211","post","type-post","status-publish","format-standard","has-post-thumbnail","hentry","category-general","category-portada"],"post_mailing_queue_ids":[],"_links":{"self":[{"href":"https:\/\/agora.xtec.cat\/escola-solivent\/wp-json\/wp\/v2\/posts\/3211","targetHints":{"allow":["GET"]}}],"collection":[{"href":"https:\/\/agora.xtec.cat\/escola-solivent\/wp-json\/wp\/v2\/posts"}],"about":[{"href":"https:\/\/agora.xtec.cat\/escola-solivent\/wp-json\/wp\/v2\/types\/post"}],"author":[{"embeddable":true,"href":"https:\/\/agora.xtec.cat\/escola-solivent\/wp-json\/wp\/v2\/users\/1"}],"replies":[{"embeddable":true,"href":"https:\/\/agora.xtec.cat\/escola-solivent\/wp-json\/wp\/v2\/comments?post=3211"}],"version-history":[{"count":3,"href":"https:\/\/agora.xtec.cat\/escola-solivent\/wp-json\/wp\/v2\/posts\/3211\/revisions"}],"predecessor-version":[{"id":3215,"href":"https:\/\/agora.xtec.cat\/escola-solivent\/wp-json\/wp\/v2\/posts\/3211\/revisions\/3215"}],"wp:featuredmedia":[{"embeddable":true,"href":"https:\/\/agora.xtec.cat\/escola-solivent\/wp-json\/wp\/v2\/media\/3212"}],"wp:attachment":[{"href":"https:\/\/agora.xtec.cat\/escola-solivent\/wp-json\/wp\/v2\/media?parent=3211"}],"wp:term":[{"taxonomy":"category","embeddable":true,"href":"https:\/\/agora.xtec.cat\/escola-solivent\/wp-json\/wp\/v2\/categories?post=3211"},{"taxonomy":"post_tag","embeddable":true,"href":"https:\/\/agora.xtec.cat\/escola-solivent\/wp-json\/wp\/v2\/tags?post=3211"}],"curies":[{"name":"wp","href":"https:\/\/api.w.org\/{rel}","templated":true}]}}