{"id":3194,"date":"2021-02-21T16:37:57","date_gmt":"2021-02-21T15:37:57","guid":{"rendered":"http:\/\/agora.xtec.cat\/escola-solivent\/?p=3194"},"modified":"2021-02-21T16:37:57","modified_gmt":"2021-02-21T15:37:57","slug":"lalumnat-de-cicle-superior-diu-la-seva","status":"publish","type":"post","link":"https:\/\/agora.xtec.cat\/escola-solivent\/general\/lalumnat-de-cicle-superior-diu-la-seva\/","title":{"rendered":"L&#8217;ALUMNAT DE CICLE SUPERIOR DIU LA SEVA!"},"content":{"rendered":"<p><span style=\"font-weight: 400;\">Hola fam\u00edlies,\u00a0<\/span><\/p>\n<p><span style=\"font-weight: 400;\">Els alumnes de Cicle Superior durant aquest trimestre, tot i el confinament, hem treballat molt, tant pel Classroom com a l\u2019aula.<\/span><\/p>\n<p><span style=\"font-weight: 400;\">Us hem penjat una <a href=\"https:\/\/drive.google.com\/drive\/folders\/1-5pqHCMYBe9yxOcKaWploURtow2pr8Vi?usp=sharing\">carpeta amb fotografies<\/a> per tal de compartir amb vosaltres tot el qu\u00e8 anem fent.<\/span><\/p>\n<p><span style=\"font-weight: 400;\">A m\u00e9s tamb\u00e9 els hi hem fet una petita enquesta sobre com han viscut el confinament i si prefereixen m\u00e9s treballar presencialment o telem\u00e0ticament. Ells han donat les seves opinions.<\/span><\/p>\n<p><span style=\"font-weight: 400;\">El proper trimestre m\u00e9s!<\/span><\/p>\n<p><span style=\"font-weight: 400;\">Esperem que us agradi.<\/span><\/p>\n<p><a href=\"https:\/\/drive.google.com\/file\/d\/14tvucxD87QQSIb5uGS2Yx1pNuF8OCHjX\/view?usp=sharing\">V\u00cdDEO<\/a><\/p>\n<p>&nbsp;<\/p>\n","protected":false},"excerpt":{"rendered":"<p>Hola fam\u00edlies,\u00a0<br \/>\nEls alumnes de Cicle Superior durant aquest trimestre, tot i el confinament, hem treballat molt, tant pel Classroom com a l\u2019aula.<br \/>\nUs hem penjat una <a href=\"https:\/\/drive.google.com\/drive\/folders\/1-5pqHCMYBe9yxOcKaWploURtow2pr8Vi?usp=sharing\">carpeta amb fotografies<\/a> per tal de compartir amb vosaltres tot el qu\u00e8 anem fent.<br \/>\nA m\u00e9s tamb\u00e9 els hi hem&hellip;  <a href=\"https:\/\/agora.xtec.cat\/escola-solivent\/general\/lalumnat-de-cicle-superior-diu-la-seva\/\" title=\"Read L&#8217;ALUMNAT DE CICLE SUPERIOR DIU LA SEVA!\">Llegeix m\u00e9s\u00bb<\/a><\/p>\n","protected":false},"author":1,"featured_media":3195,"comment_status":"open","ping_status":"closed","sticky":false,"template":"","format":"standard","meta":{"_bbp_topic_count":0,"_bbp_reply_count":0,"_bbp_total_topic_count":0,"_bbp_total_reply_count":0,"_bbp_voice_count":0,"_bbp_anonymous_reply_count":0,"_bbp_topic_count_hidden":0,"_bbp_reply_count_hidden":0,"_bbp_forum_subforum_count":0,"footnotes":""},"categories":[14,15,1,4,5],"tags":[169],"class_list":["post-3194","post","type-post","status-publish","format-standard","has-post-thumbnail","hentry","category-5e","category-6e","category-general","category-portada","category-primaria","tag-cicle-superior"],"post_mailing_queue_ids":[],"_links":{"self":[{"href":"https:\/\/agora.xtec.cat\/escola-solivent\/wp-json\/wp\/v2\/posts\/3194","targetHints":{"allow":["GET"]}}],"collection":[{"href":"https:\/\/agora.xtec.cat\/escola-solivent\/wp-json\/wp\/v2\/posts"}],"about":[{"href":"https:\/\/agora.xtec.cat\/escola-solivent\/wp-json\/wp\/v2\/types\/post"}],"author":[{"embeddable":true,"href":"https:\/\/agora.xtec.cat\/escola-solivent\/wp-json\/wp\/v2\/users\/1"}],"replies":[{"embeddable":true,"href":"https:\/\/agora.xtec.cat\/escola-solivent\/wp-json\/wp\/v2\/comments?post=3194"}],"version-history":[{"count":2,"href":"https:\/\/agora.xtec.cat\/escola-solivent\/wp-json\/wp\/v2\/posts\/3194\/revisions"}],"predecessor-version":[{"id":3197,"href":"https:\/\/agora.xtec.cat\/escola-solivent\/wp-json\/wp\/v2\/posts\/3194\/revisions\/3197"}],"wp:featuredmedia":[{"embeddable":true,"href":"https:\/\/agora.xtec.cat\/escola-solivent\/wp-json\/wp\/v2\/media\/3195"}],"wp:attachment":[{"href":"https:\/\/agora.xtec.cat\/escola-solivent\/wp-json\/wp\/v2\/media?parent=3194"}],"wp:term":[{"taxonomy":"category","embeddable":true,"href":"https:\/\/agora.xtec.cat\/escola-solivent\/wp-json\/wp\/v2\/categories?post=3194"},{"taxonomy":"post_tag","embeddable":true,"href":"https:\/\/agora.xtec.cat\/escola-solivent\/wp-json\/wp\/v2\/tags?post=3194"}],"curies":[{"name":"wp","href":"https:\/\/api.w.org\/{rel}","templated":true}]}}