{"id":3189,"date":"2021-02-21T12:07:19","date_gmt":"2021-02-21T11:07:19","guid":{"rendered":"http:\/\/agora.xtec.cat\/escola-solivent\/?p=3189"},"modified":"2021-02-21T12:07:19","modified_gmt":"2021-02-21T11:07:19","slug":"cicle-mitja-projecte-la-terra","status":"publish","type":"post","link":"https:\/\/agora.xtec.cat\/escola-solivent\/general\/cicle-mitja-projecte-la-terra\/","title":{"rendered":"CICLE MITJ\u00c0: PROJECTE LA TERRA"},"content":{"rendered":"<p><span style=\"font-weight: 400;\">Els alumnes i les alumnes de cicle mitj\u00e0 han treballat el projecte \u201cLa Terra\u201d.\u00a0<\/span><\/p>\n<p><span style=\"font-weight: 400;\">S\u2019ha fet a trav\u00e9s de la projecci\u00f3 de videos educatius, manipulaci\u00f3 de materials i experiments.\u00a0<\/span><\/p>\n<p><span style=\"font-weight: 400;\">En acabar els alumnes van compartir la seva opini\u00f3 amb nosaltres sobre si els havia agradat la realitzaci\u00f3 d\u2019aquest projecte, si canviarien alguna cosa\u2026 En general van gaudir molt de l\u2019activitat. El que va agradar m\u00e9s va ser l\u2019experiment de l\u2019explosi\u00f3 del volc\u00e0 i l\u2019elaboraci\u00f3 de les diferents capes de la Terra per entendre el concepte de geosfera.<\/span><\/p>\n<p>&nbsp;<\/p>\n<p><span style=\"font-weight: 400;\">A trav\u00e9s d\u2019aquest tema hem procurat treballar la sensibilitzaci\u00f3 de l\u2019alumnat cap a la cura i el respecte del nostre planeta. Aix\u00ed \u00e9s com ells mateixos han mostrat idees i iniciatives com la de fer una recollida de brossa al pati i a l\u2019hort. Continuem aquest treball en el dia a dia mitjan\u00e7ant el reciclatge a l\u2019aula.\u00a0<\/span><\/p>\n<p><span style=\"font-weight: 400;\">Tot seguit podeu veure un recull de fotografies que\u00a0 il\u00b7lustren totes aquestes activitats.<\/span><\/p>\n<p>FOTOGRAFIES de <a href=\"https:\/\/drive.google.com\/drive\/folders\/14_l_c35g104bvKvyivEqe8zWaxnXbTAF?usp=sharing\">3r<\/a> i <a href=\"https:\/\/drive.google.com\/drive\/folders\/1xt2n1Z9geRyElvpMa8IlKIUmLukFLfBj?usp=sharing\">4t<\/a>.<\/p>\n","protected":false},"excerpt":{"rendered":"<p>Els alumnes i les alumnes de cicle mitj\u00e0 han treballat el projecte \u201cLa Terra\u201d.\u00a0<br \/>\nS\u2019ha fet a trav\u00e9s de la projecci\u00f3 de videos educatius, manipulaci\u00f3 de materials i experiments.\u00a0<br \/>\nEn acabar els alumnes van compartir la seva opini\u00f3 amb nosaltres sobre si els havia agradat la realitzaci\u00f3&hellip;  <a href=\"https:\/\/agora.xtec.cat\/escola-solivent\/general\/cicle-mitja-projecte-la-terra\/\" title=\"Read CICLE MITJ\u00c0: PROJECTE LA TERRA\">Llegeix m\u00e9s\u00bb<\/a><\/p>\n","protected":false},"author":1,"featured_media":2482,"comment_status":"open","ping_status":"closed","sticky":false,"template":"","format":"standard","meta":{"_bbp_topic_count":0,"_bbp_reply_count":0,"_bbp_total_topic_count":0,"_bbp_total_reply_count":0,"_bbp_voice_count":0,"_bbp_anonymous_reply_count":0,"_bbp_topic_count_hidden":0,"_bbp_reply_count_hidden":0,"_bbp_forum_subforum_count":0,"footnotes":""},"categories":[12,13,1,4,5],"tags":[168],"class_list":["post-3189","post","type-post","status-publish","format-standard","has-post-thumbnail","hentry","category-3r","category-4t","category-general","category-portada","category-primaria","tag-projecte"],"post_mailing_queue_ids":[],"_links":{"self":[{"href":"https:\/\/agora.xtec.cat\/escola-solivent\/wp-json\/wp\/v2\/posts\/3189","targetHints":{"allow":["GET"]}}],"collection":[{"href":"https:\/\/agora.xtec.cat\/escola-solivent\/wp-json\/wp\/v2\/posts"}],"about":[{"href":"https:\/\/agora.xtec.cat\/escola-solivent\/wp-json\/wp\/v2\/types\/post"}],"author":[{"embeddable":true,"href":"https:\/\/agora.xtec.cat\/escola-solivent\/wp-json\/wp\/v2\/users\/1"}],"replies":[{"embeddable":true,"href":"https:\/\/agora.xtec.cat\/escola-solivent\/wp-json\/wp\/v2\/comments?post=3189"}],"version-history":[{"count":1,"href":"https:\/\/agora.xtec.cat\/escola-solivent\/wp-json\/wp\/v2\/posts\/3189\/revisions"}],"predecessor-version":[{"id":3190,"href":"https:\/\/agora.xtec.cat\/escola-solivent\/wp-json\/wp\/v2\/posts\/3189\/revisions\/3190"}],"wp:featuredmedia":[{"embeddable":true,"href":"https:\/\/agora.xtec.cat\/escola-solivent\/wp-json\/wp\/v2\/media\/2482"}],"wp:attachment":[{"href":"https:\/\/agora.xtec.cat\/escola-solivent\/wp-json\/wp\/v2\/media?parent=3189"}],"wp:term":[{"taxonomy":"category","embeddable":true,"href":"https:\/\/agora.xtec.cat\/escola-solivent\/wp-json\/wp\/v2\/categories?post=3189"},{"taxonomy":"post_tag","embeddable":true,"href":"https:\/\/agora.xtec.cat\/escola-solivent\/wp-json\/wp\/v2\/tags?post=3189"}],"curies":[{"name":"wp","href":"https:\/\/api.w.org\/{rel}","templated":true}]}}