{"id":3017,"date":"2020-06-13T12:26:14","date_gmt":"2020-06-13T10:26:14","guid":{"rendered":"http:\/\/agora.xtec.cat\/escola-solivent\/?p=3017"},"modified":"2020-06-13T12:26:14","modified_gmt":"2020-06-13T10:26:14","slug":"projecte-a-cicle-mitja","status":"publish","type":"post","link":"https:\/\/agora.xtec.cat\/escola-solivent\/general\/projecte-a-cicle-mitja\/","title":{"rendered":"PROJECTE A CICLE MITJ\u00c0"},"content":{"rendered":"<p dir=\"ltr\" style=\"line-height: 1.38; margin-top: 12pt; margin-bottom: 12pt;\"><span style=\"font-size: 16pt; font-family: Arial; color: #000000; background-color: transparent; font-weight: 400; font-style: normal; font-variant: normal; text-decoration: none; vertical-align: baseline; white-space: pre-wrap;\">Els i les alumnes de cicle mitj\u00e0 hem estat treballat el projecte de medi: Sol, Terra i Lluna.<\/span><\/p>\n<p dir=\"ltr\" style=\"line-height: 1.38; margin-top: 12pt; margin-bottom: 12pt;\"><span style=\"font-size: 16pt; font-family: Arial; color: #000000; background-color: transparent; font-weight: 400; font-style: normal; font-variant: normal; text-decoration: none; vertical-align: baseline; white-space: pre-wrap;\">Ho hem fet des de totes les \u00e0rees i hem apr\u00e8s moltes coses sobre el sistema solar, els planetes, l\u2019espai,&#8230;<\/span><\/p>\n<p>&nbsp;<\/p>\n<p dir=\"ltr\" style=\"line-height: 1.38; margin-top: 12pt; margin-bottom: 12pt;\"><span style=\"font-size: 16pt; font-family: Arial; color: #000000; background-color: transparent; font-weight: 400; font-style: normal; font-variant: normal; text-decoration: none; vertical-align: baseline; white-space: pre-wrap;\">Hem fet tamb\u00e9 uns treballs de pl\u00e0stica que us volem ensenyar. Ens ho hem passat molt b\u00e9!!!<\/span><\/p>\n<p dir=\"ltr\">\n<p dir=\"ltr\"><a href=\"https:\/\/photos.app.goo.gl\/i6EcNGTLks7e14Hz6\">FOTOGRAFIES COET<\/a><\/p>\n<p dir=\"ltr\"><a href=\"https:\/\/photos.app.goo.gl\/93gAR6emykeYuZ9CA\">FOTOGRAFIES DISFRESSA\u00a0<\/a><\/p>\n","protected":false},"excerpt":{"rendered":"<p>Els i les alumnes de cicle mitj\u00e0 hem estat treballat el projecte de medi: Sol, Terra i Lluna.<br \/>\nHo hem fet des de totes les \u00e0rees i hem apr\u00e8s moltes coses sobre el sistema solar, els planetes, l\u2019espai,&#8230;<br \/>\n&nbsp;<br \/>\nHem fet tamb\u00e9 uns treballs de pl\u00e0stica que us&hellip;  <a href=\"https:\/\/agora.xtec.cat\/escola-solivent\/general\/projecte-a-cicle-mitja\/\" title=\"Read PROJECTE A CICLE MITJ\u00c0\">Llegeix m\u00e9s\u00bb<\/a><\/p>\n","protected":false},"author":1,"featured_media":3018,"comment_status":"open","ping_status":"closed","sticky":false,"template":"","format":"standard","meta":{"_bbp_topic_count":0,"_bbp_reply_count":0,"_bbp_total_topic_count":0,"_bbp_total_reply_count":0,"_bbp_voice_count":0,"_bbp_anonymous_reply_count":0,"_bbp_topic_count_hidden":0,"_bbp_reply_count_hidden":0,"_bbp_forum_subforum_count":0,"footnotes":""},"categories":[12,13,1,4,5],"tags":[],"class_list":["post-3017","post","type-post","status-publish","format-standard","has-post-thumbnail","hentry","category-3r","category-4t","category-general","category-portada","category-primaria"],"post_mailing_queue_ids":[],"_links":{"self":[{"href":"https:\/\/agora.xtec.cat\/escola-solivent\/wp-json\/wp\/v2\/posts\/3017","targetHints":{"allow":["GET"]}}],"collection":[{"href":"https:\/\/agora.xtec.cat\/escola-solivent\/wp-json\/wp\/v2\/posts"}],"about":[{"href":"https:\/\/agora.xtec.cat\/escola-solivent\/wp-json\/wp\/v2\/types\/post"}],"author":[{"embeddable":true,"href":"https:\/\/agora.xtec.cat\/escola-solivent\/wp-json\/wp\/v2\/users\/1"}],"replies":[{"embeddable":true,"href":"https:\/\/agora.xtec.cat\/escola-solivent\/wp-json\/wp\/v2\/comments?post=3017"}],"version-history":[{"count":1,"href":"https:\/\/agora.xtec.cat\/escola-solivent\/wp-json\/wp\/v2\/posts\/3017\/revisions"}],"predecessor-version":[{"id":3019,"href":"https:\/\/agora.xtec.cat\/escola-solivent\/wp-json\/wp\/v2\/posts\/3017\/revisions\/3019"}],"wp:featuredmedia":[{"embeddable":true,"href":"https:\/\/agora.xtec.cat\/escola-solivent\/wp-json\/wp\/v2\/media\/3018"}],"wp:attachment":[{"href":"https:\/\/agora.xtec.cat\/escola-solivent\/wp-json\/wp\/v2\/media?parent=3017"}],"wp:term":[{"taxonomy":"category","embeddable":true,"href":"https:\/\/agora.xtec.cat\/escola-solivent\/wp-json\/wp\/v2\/categories?post=3017"},{"taxonomy":"post_tag","embeddable":true,"href":"https:\/\/agora.xtec.cat\/escola-solivent\/wp-json\/wp\/v2\/tags?post=3017"}],"curies":[{"name":"wp","href":"https:\/\/api.w.org\/{rel}","templated":true}]}}