{"id":2869,"date":"2020-03-19T19:36:22","date_gmt":"2020-03-19T18:36:22","guid":{"rendered":"http:\/\/agora.xtec.cat\/escola-solivent\/?p=2869"},"modified":"2020-03-19T19:43:01","modified_gmt":"2020-03-19T18:43:01","slug":"racons-intercicles-a-educacio-infantil","status":"publish","type":"post","link":"https:\/\/agora.xtec.cat\/escola-solivent\/general\/racons-intercicles-a-educacio-infantil\/","title":{"rendered":"RACONS INTERCICLES A EDUCACI\u00d3 INFANTIL."},"content":{"rendered":"<p><iframe loading=\"lazy\" src=\"https:\/\/www.youtube.com\/embed\/22mx9JXSUhA\" width=\"560\" height=\"315\" frameborder=\"0\"><\/iframe><\/p>\n<p><span style=\"font-weight: 400;\">Aquest segon trimestre els nens i nenes de P3 han comen\u00e7at els racons intercicles amb els seus companys\/es de P4 i P5. Els m\u00e9s petits de l\u2019escola han tingut una gran rebuda per part dels alumnes m\u00e9s grans i plegats han treballat cooperativament en els diferents racons proposats.<\/span><\/p>\n<p><b>Al rac\u00f3 de pl\u00e0stica i descoberta<\/b><span style=\"font-weight: 400;\"> amb la Mireia hem fet 3 racons diferents: hem pintat amb pintura sobre paper d\u2019alumini deixant fluir la nostra creativitat, hem omplert unes mandales amb elements naturals i per \u00faltim, hem pintat sobre paper d\u2019embalar amb guixos ensucrats i en sentir la paraula canvi, hem continuat el dibuix del nostre company\/a.\u00a0<\/span><\/p>\n<p><span style=\"font-weight: 400;\">Estem fets uns petits grans artistes!<\/span><\/p>\n<p><b>Al rac\u00f3 de llengua i mans fine<\/b><span style=\"font-weight: 400;\">s amb la Dolors Jacomet hem continuat viatjant al m\u00f3n dels contes. Ens agrada escoltar i gaudir de la m\u00e0gia dels contes i poder-los representar amb els nostres companys. Aquest trimestre hem explicat el conte de la Blancaneus i els 7 nans, l\u2019Elmer i el peix irisat i per acabar hem fet una manualitat representativa.\u00a0<\/span><\/p>\n<p><span style=\"font-weight: 400;\">En el <\/span><b>rac\u00f3 de joc simb\u00f2lic <\/b><span style=\"font-weight: 400;\">hem aprofitat un dels regals que ens v\u00e0rem portar els Reis, la cistella de p\u00edcnic, per anar-hi amb els nostres companys i companyes. I amb en Carnestoltes voltant ben a prop nostra ens ho hem passat molt b\u00e9 disfressant-nos.<\/span><\/p>\n<p><span style=\"font-weight: 400;\">Al <\/span><b>rac\u00f3 de la calma<\/b><span style=\"font-weight: 400;\"> amb l\u2019Anna aquest trimestre hem presentat la Tortuga Bernadeta que ens ajuda a calmar-nos quan estem nerviosos?<\/span><\/p>\n<p><span style=\"font-weight: 400;\">Us en recordeu dels passos?<\/span><\/p>\n<ol>\n<li style=\"font-weight: 400;\"><span style=\"font-weight: 400;\">Stop<\/span><\/li>\n<li style=\"font-weight: 400;\"><span style=\"font-weight: 400;\">Respiro<\/span><\/li>\n<li style=\"font-weight: 400;\"><span style=\"font-weight: 400;\">Penso<\/span><\/li>\n<li style=\"font-weight: 400;\"><span style=\"font-weight: 400;\">Actuo<\/span><\/li>\n<\/ol>\n<p><span style=\"font-weight: 400;\">A m\u00e9s, vam crear la nostra ampolla de la calma, que per cert, ens han quedat precioses! i hem seguit presentant eines i recursos (el term\u00f2metre de la ira, el com em sento, exercicis de respiraci\u00f3\u2026).\u00a0<\/span><\/p>\n<p><span style=\"font-weight: 400;\">La veritat \u00e9s que cada vegada som m\u00e9s conscients de la utilitat del Rac\u00f3 de la Calma!<\/span><\/p>\n","protected":false},"excerpt":{"rendered":"<p>Aquest segon trimestre els nens i nenes de P3 han comen\u00e7at els racons intercicles amb els seus companys\/es de P4 i P5. Els m\u00e9s petits de l\u2019escola han tingut una gran rebuda per part dels alumnes m\u00e9s grans i plegats han treballat cooperativament en els&hellip;  <a href=\"https:\/\/agora.xtec.cat\/escola-solivent\/general\/racons-intercicles-a-educacio-infantil\/\" title=\"Read RACONS INTERCICLES A EDUCACI\u00d3 INFANTIL.\">Llegeix m\u00e9s\u00bb<\/a><\/p>\n","protected":false},"author":1,"featured_media":2870,"comment_status":"open","ping_status":"closed","sticky":false,"template":"","format":"standard","meta":{"_bbp_topic_count":0,"_bbp_reply_count":0,"_bbp_total_topic_count":0,"_bbp_total_reply_count":0,"_bbp_voice_count":0,"_bbp_anonymous_reply_count":0,"_bbp_topic_count_hidden":0,"_bbp_reply_count_hidden":0,"_bbp_forum_subforum_count":0,"footnotes":""},"categories":[1,2,3,8,9,4],"tags":[145,152,123],"class_list":["post-2869","post","type-post","status-publish","format-standard","has-post-thumbnail","hentry","category-general","category-infantil","category-i3","category-i4","category-i5","category-portada","tag-infantil","tag-intercicle","tag-racons"],"post_mailing_queue_ids":[],"_links":{"self":[{"href":"https:\/\/agora.xtec.cat\/escola-solivent\/wp-json\/wp\/v2\/posts\/2869","targetHints":{"allow":["GET"]}}],"collection":[{"href":"https:\/\/agora.xtec.cat\/escola-solivent\/wp-json\/wp\/v2\/posts"}],"about":[{"href":"https:\/\/agora.xtec.cat\/escola-solivent\/wp-json\/wp\/v2\/types\/post"}],"author":[{"embeddable":true,"href":"https:\/\/agora.xtec.cat\/escola-solivent\/wp-json\/wp\/v2\/users\/1"}],"replies":[{"embeddable":true,"href":"https:\/\/agora.xtec.cat\/escola-solivent\/wp-json\/wp\/v2\/comments?post=2869"}],"version-history":[{"count":2,"href":"https:\/\/agora.xtec.cat\/escola-solivent\/wp-json\/wp\/v2\/posts\/2869\/revisions"}],"predecessor-version":[{"id":2873,"href":"https:\/\/agora.xtec.cat\/escola-solivent\/wp-json\/wp\/v2\/posts\/2869\/revisions\/2873"}],"wp:featuredmedia":[{"embeddable":true,"href":"https:\/\/agora.xtec.cat\/escola-solivent\/wp-json\/wp\/v2\/media\/2870"}],"wp:attachment":[{"href":"https:\/\/agora.xtec.cat\/escola-solivent\/wp-json\/wp\/v2\/media?parent=2869"}],"wp:term":[{"taxonomy":"category","embeddable":true,"href":"https:\/\/agora.xtec.cat\/escola-solivent\/wp-json\/wp\/v2\/categories?post=2869"},{"taxonomy":"post_tag","embeddable":true,"href":"https:\/\/agora.xtec.cat\/escola-solivent\/wp-json\/wp\/v2\/tags?post=2869"}],"curies":[{"name":"wp","href":"https:\/\/api.w.org\/{rel}","templated":true}]}}