{"id":2859,"date":"2020-03-19T16:48:20","date_gmt":"2020-03-19T15:48:20","guid":{"rendered":"http:\/\/agora.xtec.cat\/escola-solivent\/?p=2859"},"modified":"2020-03-19T16:48:20","modified_gmt":"2020-03-19T15:48:20","slug":"la-fada-de-lhivern-a-educacio-infantil","status":"publish","type":"post","link":"https:\/\/agora.xtec.cat\/escola-solivent\/general\/la-fada-de-lhivern-a-educacio-infantil\/","title":{"rendered":"LA FADA DE L\u2019HIVERN A EDUCACI\u00d3 INFANTIL."},"content":{"rendered":"<p>La fada Gebrada amb la seva m\u00e0gia, ens ha visitat un any m\u00e9s a la nostra escola. Ha arribat de molt lluny, del pa\u00eds del gel amb una nevera plena de gla\u00e7ons, els hem pogut tocar i veure com es<br \/>\ndesfeien. Tamb\u00e9 hem ballat una dansa de l\u2019hivern molt bonica i ens ha explicat els seus secrets i aventures del pa\u00eds del gel. Moltes gr\u00e0cies fada per venir-nos a veure!!!<\/p>\n<p><a href=\"https:\/\/photos.app.goo.gl\/ZZ3K5eTTjZFNDVxP7\">Cliqueu aqu\u00ed per veure les fotografies\u00a0<\/a><\/p>\n","protected":false},"excerpt":{"rendered":"<p>La fada Gebrada amb la seva m\u00e0gia, ens ha visitat un any m\u00e9s a la nostra escola. Ha arribat de molt lluny, del pa\u00eds del gel amb una nevera plena de gla\u00e7ons, els hem pogut tocar i veure com es<br \/>\ndesfeien. Tamb\u00e9 hem ballat una dansa&hellip;  <a href=\"https:\/\/agora.xtec.cat\/escola-solivent\/general\/la-fada-de-lhivern-a-educacio-infantil\/\" title=\"Read LA FADA DE L\u2019HIVERN A EDUCACI\u00d3 INFANTIL.\">Llegeix m\u00e9s\u00bb<\/a><\/p>\n","protected":false},"author":1,"featured_media":2860,"comment_status":"open","ping_status":"closed","sticky":false,"template":"","format":"standard","meta":{"_bbp_topic_count":0,"_bbp_reply_count":0,"_bbp_total_topic_count":0,"_bbp_total_reply_count":0,"_bbp_voice_count":0,"_bbp_anonymous_reply_count":0,"_bbp_topic_count_hidden":0,"_bbp_reply_count_hidden":0,"_bbp_forum_subforum_count":0,"footnotes":""},"categories":[1,2,3,8,9,4],"tags":[],"class_list":["post-2859","post","type-post","status-publish","format-standard","has-post-thumbnail","hentry","category-general","category-infantil","category-i3","category-i4","category-i5","category-portada"],"post_mailing_queue_ids":[],"_links":{"self":[{"href":"https:\/\/agora.xtec.cat\/escola-solivent\/wp-json\/wp\/v2\/posts\/2859","targetHints":{"allow":["GET"]}}],"collection":[{"href":"https:\/\/agora.xtec.cat\/escola-solivent\/wp-json\/wp\/v2\/posts"}],"about":[{"href":"https:\/\/agora.xtec.cat\/escola-solivent\/wp-json\/wp\/v2\/types\/post"}],"author":[{"embeddable":true,"href":"https:\/\/agora.xtec.cat\/escola-solivent\/wp-json\/wp\/v2\/users\/1"}],"replies":[{"embeddable":true,"href":"https:\/\/agora.xtec.cat\/escola-solivent\/wp-json\/wp\/v2\/comments?post=2859"}],"version-history":[{"count":1,"href":"https:\/\/agora.xtec.cat\/escola-solivent\/wp-json\/wp\/v2\/posts\/2859\/revisions"}],"predecessor-version":[{"id":2861,"href":"https:\/\/agora.xtec.cat\/escola-solivent\/wp-json\/wp\/v2\/posts\/2859\/revisions\/2861"}],"wp:featuredmedia":[{"embeddable":true,"href":"https:\/\/agora.xtec.cat\/escola-solivent\/wp-json\/wp\/v2\/media\/2860"}],"wp:attachment":[{"href":"https:\/\/agora.xtec.cat\/escola-solivent\/wp-json\/wp\/v2\/media?parent=2859"}],"wp:term":[{"taxonomy":"category","embeddable":true,"href":"https:\/\/agora.xtec.cat\/escola-solivent\/wp-json\/wp\/v2\/categories?post=2859"},{"taxonomy":"post_tag","embeddable":true,"href":"https:\/\/agora.xtec.cat\/escola-solivent\/wp-json\/wp\/v2\/tags?post=2859"}],"curies":[{"name":"wp","href":"https:\/\/api.w.org\/{rel}","templated":true}]}}