{"id":2848,"date":"2020-03-17T17:25:37","date_gmt":"2020-03-17T16:25:37","guid":{"rendered":"http:\/\/agora.xtec.cat\/escola-solivent\/?p=2848"},"modified":"2020-03-17T17:25:37","modified_gmt":"2020-03-17T16:25:37","slug":"la-capsa-magica-i-les-seves-propostes","status":"publish","type":"post","link":"https:\/\/agora.xtec.cat\/escola-solivent\/general\/la-capsa-magica-i-les-seves-propostes\/","title":{"rendered":"LA CAPSA M\u00c0GICA I LES SEVES PROPOSTES"},"content":{"rendered":"<p><span style=\"font-weight: 400;\">Cada mes a la biblioteca hi trobem la capsa m\u00e0gica amb moltes novetats!\u00a0<\/span><\/p>\n<p><span style=\"font-weight: 400;\">El mes de gener ens va portar el llibre <\/span><i><span style=\"font-weight: 400;\">Qu\u00e8 en fas, d\u2019un problema?<\/span><\/i><span style=\"font-weight: 400;\"> Vam fer la din\u00e0mica de la bola de paper: cadasc\u00fa de nosaltres va escriure en un paper un problema o preocupaci\u00f3. El vam anar arrugant i fent-ne una pilota. Aix\u00ed ens vam alleugerir una mica!<\/span><\/p>\n<p><span style=\"font-weight: 400;\">Durant el\u00a0 mes de febrer hi havia el llibre <\/span><i><span style=\"font-weight: 400;\">Coses de bruixa!\u00a0 Fas all\u00f2 que t\u2019agrada fer?<\/span><\/i><span style=\"font-weight: 400;\"> Despr\u00e9s de parlar de totes aquelles coses que fem perqu\u00e8\u00a0 \u201ctoca\u201d i que sovint s\u00f3n diferents de les coses que ens agradaria fer, vam agafar per torns un complement de disfressa i vam explicar all\u00f2 que realment ens faria il\u00b7lusi\u00f3 poder fer\u2026 encara que fossin propostes m\u00e0giques.<\/span><\/p>\n<p><span style=\"font-weight: 400;\">Aquest mes de mar\u00e7, dins la capsa hi havia <\/span><i><span style=\"font-weight: 400;\">Carlota i la roca<\/span><\/i><span style=\"font-weight: 400;\">. <\/span><span style=\"font-weight: 400;\">Despr\u00e9s de parlar de les nostres mascotes, hem fet com la Carlota\u2026 qu\u00e8 far\u00edem amb una pedra com a mascota<\/span><span style=\"font-weight: 400;\">?<\/span><\/p>\n<p><span style=\"font-weight: 400;\">Aqu\u00ed us deixem un resum en imatges de les visites que hem fet aquest trimestre la classe de 4t.<\/span><\/p>\n<p><a href=\"https:\/\/youtu.be\/ghXEQPlG2Yk\"><span style=\"font-weight: 400;\">BIBLIOTECA GENER<\/span><\/a><\/p>\n<p><a href=\"https:\/\/youtu.be\/yCRqBWULfjE\"><span style=\"font-weight: 400;\">BIBLIOTECA FEBRER<\/span><\/a><\/p>\n<p><a href=\"https:\/\/youtu.be\/aElTiS3G-wQ\"><span style=\"font-weight: 400;\">BIBLIOTECA MAR\u00c7<\/span><\/a><\/p>\n","protected":false},"excerpt":{"rendered":"<p>Cada mes a la biblioteca hi trobem la capsa m\u00e0gica amb moltes novetats!\u00a0<br \/>\nEl mes de gener ens va portar el llibre Qu\u00e8 en fas, d\u2019un problema? Vam fer la din\u00e0mica de la bola de paper: cadasc\u00fa de nosaltres va escriure en un paper un problema&hellip;  <a href=\"https:\/\/agora.xtec.cat\/escola-solivent\/general\/la-capsa-magica-i-les-seves-propostes\/\" title=\"Read LA CAPSA M\u00c0GICA I LES SEVES PROPOSTES\">Llegeix m\u00e9s\u00bb<\/a><\/p>\n","protected":false},"author":1,"featured_media":979,"comment_status":"open","ping_status":"closed","sticky":false,"template":"","format":"standard","meta":{"_bbp_topic_count":0,"_bbp_reply_count":0,"_bbp_total_topic_count":0,"_bbp_total_reply_count":0,"_bbp_voice_count":0,"_bbp_anonymous_reply_count":0,"_bbp_topic_count_hidden":0,"_bbp_reply_count_hidden":0,"_bbp_forum_subforum_count":0,"footnotes":""},"categories":[13,1,4,5],"tags":[],"class_list":["post-2848","post","type-post","status-publish","format-standard","has-post-thumbnail","hentry","category-4t","category-general","category-portada","category-primaria"],"post_mailing_queue_ids":[],"_links":{"self":[{"href":"https:\/\/agora.xtec.cat\/escola-solivent\/wp-json\/wp\/v2\/posts\/2848","targetHints":{"allow":["GET"]}}],"collection":[{"href":"https:\/\/agora.xtec.cat\/escola-solivent\/wp-json\/wp\/v2\/posts"}],"about":[{"href":"https:\/\/agora.xtec.cat\/escola-solivent\/wp-json\/wp\/v2\/types\/post"}],"author":[{"embeddable":true,"href":"https:\/\/agora.xtec.cat\/escola-solivent\/wp-json\/wp\/v2\/users\/1"}],"replies":[{"embeddable":true,"href":"https:\/\/agora.xtec.cat\/escola-solivent\/wp-json\/wp\/v2\/comments?post=2848"}],"version-history":[{"count":1,"href":"https:\/\/agora.xtec.cat\/escola-solivent\/wp-json\/wp\/v2\/posts\/2848\/revisions"}],"predecessor-version":[{"id":2849,"href":"https:\/\/agora.xtec.cat\/escola-solivent\/wp-json\/wp\/v2\/posts\/2848\/revisions\/2849"}],"wp:featuredmedia":[{"embeddable":true,"href":"https:\/\/agora.xtec.cat\/escola-solivent\/wp-json\/wp\/v2\/media\/979"}],"wp:attachment":[{"href":"https:\/\/agora.xtec.cat\/escola-solivent\/wp-json\/wp\/v2\/media?parent=2848"}],"wp:term":[{"taxonomy":"category","embeddable":true,"href":"https:\/\/agora.xtec.cat\/escola-solivent\/wp-json\/wp\/v2\/categories?post=2848"},{"taxonomy":"post_tag","embeddable":true,"href":"https:\/\/agora.xtec.cat\/escola-solivent\/wp-json\/wp\/v2\/tags?post=2848"}],"curies":[{"name":"wp","href":"https:\/\/api.w.org\/{rel}","templated":true}]}}