{"id":2838,"date":"2020-03-12T14:08:59","date_gmt":"2020-03-12T13:08:59","guid":{"rendered":"http:\/\/agora.xtec.cat\/escola-solivent\/?p=2838"},"modified":"2020-03-12T15:33:32","modified_gmt":"2020-03-12T14:33:32","slug":"urgent-tancament-del-centre","status":"publish","type":"post","link":"https:\/\/agora.xtec.cat\/escola-solivent\/general\/urgent-tancament-del-centre\/","title":{"rendered":"URGENT! TANCAMENT DEL CENTRE"},"content":{"rendered":"<p class=\"m_4679914883340332021paragraph\"><span class=\"m_4679914883340332021normaltextrun\">El Departament d\u2019Educaci\u00f3, seguint instruccions del Departament de Salut i com a mesura excepcional per contenir el coronavirus,\u00a0<b>ha pres la decisi\u00f3 de tancar a partir del dia 13 de mar\u00e7 i fins al proper dia 27 mar\u00e7, ambd\u00f3s inclosos<\/b>,\u00a0<b>tots els centres educatius del pa\u00eds<\/b>\u00a0i, per tant, han quedat suspeses les classes en horari lectiu i les activitats extraescolars.<\/span><span class=\"m_4679914883340332021eop\">\u00a0<\/span><u><\/u><u><\/u><\/p>\n<p class=\"m_4679914883340332021paragraph\">\u00a0<u><\/u><u><\/u><span class=\"m_4679914883340332021normaltextrun\">Seguirem prestant\u00a0\u00a0atenci\u00f3\u00a0a les instruccions del Departament de Salut i a l\u2019evoluci\u00f3 de la situaci\u00f3.<\/span><span class=\"m_4679914883340332021eop\">\u00a0<\/span><u><\/u><u><\/u><\/p>\n<p class=\"m_4679914883340332021paragraph\"><span class=\"m_4679914883340332021normaltextrun\">Us recomanem que tingueu oberts canals de comunicaci\u00f3 fluids amb el personal del centre educatiu, per\u00f2 \u00e9s recomanable evitar aquells de tipus presencial.<\/span><span class=\"m_4679914883340332021eop\">\u00a0\u00a0<\/span><span class=\"m_4679914883340332021normaltextrun\">Tamb\u00e9 us\u00a0recordem que cal que\u00a0seguiu les indicacions, recomanacions i protocols que estableix el Departament de Salut pel que fa a la prevenci\u00f3 del virus i que podeu\u00a0consultar\u00a0a\u00a0<\/span><a href=\"http:\/\/canalsalut.gencat.cat\/coronavirus\" target=\"_blank\" rel=\"noopener noreferrer\" data-saferedirecturl=\"https:\/\/www.google.com\/url?q=http:\/\/canalsalut.gencat.cat\/coronavirus&amp;source=gmail&amp;ust=1584109861364000&amp;usg=AFQjCNHr_R_gSyP-bg5wzJO8UwPlK50RMw\"><span class=\"m_4679914883340332021normaltextrun\">http:\/\/<wbr \/>canalsalut.gencat.cat\/<wbr \/>coronavirus<\/span><\/a><span class=\"m_4679914883340332021eop\">\u00a0<\/span><u><\/u><u><\/u><\/p>\n<p class=\"m_4679914883340332021paragraph\">\u00a0<u><\/u><u><\/u><span class=\"m_4679914883340332021normaltextrun\">El Departament d\u2019Educaci\u00f3 far\u00e0 arribar\u00a0a la direcci\u00f3 del centre\u00a0les indicacions pertinents en relaci\u00f3 als dubtes que\u00a0puguin sorgir.<\/span><span class=\"m_4679914883340332021eop\">\u00a0<\/span><u><\/u><u><\/u><\/p>\n<p class=\"m_4679914883340332021paragraph\"><span class=\"m_4679914883340332021normaltextrun\">\u00a0<\/span><u><\/u><u><\/u><span class=\"m_4679914883340332021normaltextrun\">Us agra\u00efm la vostra comprensi\u00f3\u00a0i col\u00b7laboraci\u00f3.<\/span><span class=\"m_4679914883340332021eop\">\u00a0<\/span><\/p>\n","protected":false},"excerpt":{"rendered":"<p>El Departament d\u2019Educaci\u00f3, seguint instruccions del Departament de Salut i com a mesura excepcional per contenir el coronavirus,\u00a0ha pres la decisi\u00f3 de tancar a partir del dia 13 de mar\u00e7 i fins al proper dia 27 mar\u00e7, ambd\u00f3s inclosos,\u00a0tots els centres educatius del pa\u00eds\u00a0i, per&hellip;  <a href=\"https:\/\/agora.xtec.cat\/escola-solivent\/general\/urgent-tancament-del-centre\/\" title=\"Read URGENT! TANCAMENT DEL CENTRE\">Llegeix m\u00e9s\u00bb<\/a><\/p>\n","protected":false},"author":1,"featured_media":1561,"comment_status":"open","ping_status":"closed","sticky":false,"template":"","format":"standard","meta":{"_bbp_topic_count":0,"_bbp_reply_count":0,"_bbp_total_topic_count":0,"_bbp_total_reply_count":0,"_bbp_voice_count":0,"_bbp_anonymous_reply_count":0,"_bbp_topic_count_hidden":0,"_bbp_reply_count_hidden":0,"_bbp_forum_subforum_count":0,"footnotes":""},"categories":[7,1,2,4,5],"tags":[],"class_list":["post-2838","post","type-post","status-publish","format-standard","has-post-thumbnail","hentry","category-afa","category-general","category-infantil","category-portada","category-primaria"],"post_mailing_queue_ids":[],"_links":{"self":[{"href":"https:\/\/agora.xtec.cat\/escola-solivent\/wp-json\/wp\/v2\/posts\/2838","targetHints":{"allow":["GET"]}}],"collection":[{"href":"https:\/\/agora.xtec.cat\/escola-solivent\/wp-json\/wp\/v2\/posts"}],"about":[{"href":"https:\/\/agora.xtec.cat\/escola-solivent\/wp-json\/wp\/v2\/types\/post"}],"author":[{"embeddable":true,"href":"https:\/\/agora.xtec.cat\/escola-solivent\/wp-json\/wp\/v2\/users\/1"}],"replies":[{"embeddable":true,"href":"https:\/\/agora.xtec.cat\/escola-solivent\/wp-json\/wp\/v2\/comments?post=2838"}],"version-history":[{"count":2,"href":"https:\/\/agora.xtec.cat\/escola-solivent\/wp-json\/wp\/v2\/posts\/2838\/revisions"}],"predecessor-version":[{"id":2840,"href":"https:\/\/agora.xtec.cat\/escola-solivent\/wp-json\/wp\/v2\/posts\/2838\/revisions\/2840"}],"wp:featuredmedia":[{"embeddable":true,"href":"https:\/\/agora.xtec.cat\/escola-solivent\/wp-json\/wp\/v2\/media\/1561"}],"wp:attachment":[{"href":"https:\/\/agora.xtec.cat\/escola-solivent\/wp-json\/wp\/v2\/media?parent=2838"}],"wp:term":[{"taxonomy":"category","embeddable":true,"href":"https:\/\/agora.xtec.cat\/escola-solivent\/wp-json\/wp\/v2\/categories?post=2838"},{"taxonomy":"post_tag","embeddable":true,"href":"https:\/\/agora.xtec.cat\/escola-solivent\/wp-json\/wp\/v2\/tags?post=2838"}],"curies":[{"name":"wp","href":"https:\/\/api.w.org\/{rel}","templated":true}]}}