{"id":2781,"date":"2020-02-24T18:50:01","date_gmt":"2020-02-24T17:50:01","guid":{"rendered":"http:\/\/agora.xtec.cat\/escola-solivent\/?p=2781"},"modified":"2020-02-24T18:53:53","modified_gmt":"2020-02-24T17:53:53","slug":"danses-a-musica","status":"publish","type":"post","link":"https:\/\/agora.xtec.cat\/escola-solivent\/general\/danses-a-musica\/","title":{"rendered":"DANSES A M\u00daSICA"},"content":{"rendered":"<p><span style=\"font-weight: 400;\">A l\u2019\u00e0rea de m\u00fasica, els nens i les nenes de segon han comen\u00e7at a treballar la dansa. Per grups, han posat en pr\u00e0ctica el que han apr\u00e8s i s\u2019ho han passat molt b\u00e9. Ha coincidit amb el carnestoltes, i per aix\u00f2 ens han ensenyat les seves disfresses.\u00a0<\/span><\/p>\n<p><a href=\"https:\/\/photos.app.goo.gl\/8UPegTixh5XeHqPs5\">Fotografies<\/a><\/p>\n","protected":false},"excerpt":{"rendered":"<p>A l\u2019\u00e0rea de m\u00fasica, els nens i les nenes de segon han comen\u00e7at a treballar la dansa. Per grups, han posat en pr\u00e0ctica el que han apr\u00e8s i s\u2019ho han passat molt b\u00e9. Ha coincidit amb el carnestoltes, i per aix\u00f2 ens han ensenyat les&hellip;  <a href=\"https:\/\/agora.xtec.cat\/escola-solivent\/general\/danses-a-musica\/\" title=\"Read DANSES A M\u00daSICA\">Llegeix m\u00e9s\u00bb<\/a><\/p>\n","protected":false},"author":1,"featured_media":2782,"comment_status":"open","ping_status":"closed","sticky":false,"template":"","format":"standard","meta":{"_bbp_topic_count":0,"_bbp_reply_count":0,"_bbp_total_topic_count":0,"_bbp_total_reply_count":0,"_bbp_voice_count":0,"_bbp_anonymous_reply_count":0,"_bbp_topic_count_hidden":0,"_bbp_reply_count_hidden":0,"_bbp_forum_subforum_count":0,"footnotes":""},"categories":[11,1,4,5],"tags":[],"class_list":["post-2781","post","type-post","status-publish","format-standard","has-post-thumbnail","hentry","category-2n","category-general","category-portada","category-primaria"],"post_mailing_queue_ids":[],"_links":{"self":[{"href":"https:\/\/agora.xtec.cat\/escola-solivent\/wp-json\/wp\/v2\/posts\/2781","targetHints":{"allow":["GET"]}}],"collection":[{"href":"https:\/\/agora.xtec.cat\/escola-solivent\/wp-json\/wp\/v2\/posts"}],"about":[{"href":"https:\/\/agora.xtec.cat\/escola-solivent\/wp-json\/wp\/v2\/types\/post"}],"author":[{"embeddable":true,"href":"https:\/\/agora.xtec.cat\/escola-solivent\/wp-json\/wp\/v2\/users\/1"}],"replies":[{"embeddable":true,"href":"https:\/\/agora.xtec.cat\/escola-solivent\/wp-json\/wp\/v2\/comments?post=2781"}],"version-history":[{"count":1,"href":"https:\/\/agora.xtec.cat\/escola-solivent\/wp-json\/wp\/v2\/posts\/2781\/revisions"}],"predecessor-version":[{"id":2783,"href":"https:\/\/agora.xtec.cat\/escola-solivent\/wp-json\/wp\/v2\/posts\/2781\/revisions\/2783"}],"wp:featuredmedia":[{"embeddable":true,"href":"https:\/\/agora.xtec.cat\/escola-solivent\/wp-json\/wp\/v2\/media\/2782"}],"wp:attachment":[{"href":"https:\/\/agora.xtec.cat\/escola-solivent\/wp-json\/wp\/v2\/media?parent=2781"}],"wp:term":[{"taxonomy":"category","embeddable":true,"href":"https:\/\/agora.xtec.cat\/escola-solivent\/wp-json\/wp\/v2\/categories?post=2781"},{"taxonomy":"post_tag","embeddable":true,"href":"https:\/\/agora.xtec.cat\/escola-solivent\/wp-json\/wp\/v2\/tags?post=2781"}],"curies":[{"name":"wp","href":"https:\/\/api.w.org\/{rel}","templated":true}]}}