{"id":2745,"date":"2020-02-11T21:05:34","date_gmt":"2020-02-11T20:05:34","guid":{"rendered":"http:\/\/agora.xtec.cat\/escola-solivent\/?p=2745"},"modified":"2020-02-11T21:05:34","modified_gmt":"2020-02-11T20:05:34","slug":"plantem-cebes-a-p4","status":"publish","type":"post","link":"https:\/\/agora.xtec.cat\/escola-solivent\/general\/plantem-cebes-a-p4\/","title":{"rendered":"PLANTEM CEBES A P4"},"content":{"rendered":"<p>La dita diu: \u201cSi vols ceba de diner, planta-la el gener\u201d.<br \/>\nEls nens i nenes de P-4 les v\u00e0rem plantar a primers de febrer. Amb l\u2019ajuda d\u2019en Fernando va ser molt f\u00e0cil perqu\u00e8 ens feia les regues i ens ensenyava on les hav\u00edem de plantar i nosaltres les hi pos\u00e0vem i les enterr\u00e0vem una mica.<br \/>\nAra anirem a veure-les com creixen, a treure alguna herba si cal &#8230; i a esperar que quan toqui arrencar-<br \/>\nles siguin grosses i ben bones.<\/p>\n<p>&nbsp;<\/p>\n<p><a href=\"https:\/\/photos.app.goo.gl\/Qvyb3YQxFFMcLaEk9\">Enlla\u00e7 per veure les fotografies\u00a0<\/a><\/p>\n","protected":false},"excerpt":{"rendered":"<p>La dita diu: \u201cSi vols ceba de diner, planta-la el gener\u201d.<br \/>\nEls nens i nenes de P-4 les v\u00e0rem plantar a primers de febrer. Amb l\u2019ajuda d\u2019en Fernando va ser molt f\u00e0cil perqu\u00e8 ens feia les regues i ens ensenyava on les hav\u00edem de plantar i&hellip;  <a href=\"https:\/\/agora.xtec.cat\/escola-solivent\/general\/plantem-cebes-a-p4\/\" title=\"Read PLANTEM CEBES A P4\">Llegeix m\u00e9s\u00bb<\/a><\/p>\n","protected":false},"author":1,"featured_media":2746,"comment_status":"open","ping_status":"closed","sticky":false,"template":"","format":"standard","meta":{"_bbp_topic_count":0,"_bbp_reply_count":0,"_bbp_total_topic_count":0,"_bbp_total_reply_count":0,"_bbp_voice_count":0,"_bbp_anonymous_reply_count":0,"_bbp_topic_count_hidden":0,"_bbp_reply_count_hidden":0,"_bbp_forum_subforum_count":0,"footnotes":""},"categories":[1,2,8,4],"tags":[],"class_list":["post-2745","post","type-post","status-publish","format-standard","has-post-thumbnail","hentry","category-general","category-infantil","category-i4","category-portada"],"post_mailing_queue_ids":[],"_links":{"self":[{"href":"https:\/\/agora.xtec.cat\/escola-solivent\/wp-json\/wp\/v2\/posts\/2745","targetHints":{"allow":["GET"]}}],"collection":[{"href":"https:\/\/agora.xtec.cat\/escola-solivent\/wp-json\/wp\/v2\/posts"}],"about":[{"href":"https:\/\/agora.xtec.cat\/escola-solivent\/wp-json\/wp\/v2\/types\/post"}],"author":[{"embeddable":true,"href":"https:\/\/agora.xtec.cat\/escola-solivent\/wp-json\/wp\/v2\/users\/1"}],"replies":[{"embeddable":true,"href":"https:\/\/agora.xtec.cat\/escola-solivent\/wp-json\/wp\/v2\/comments?post=2745"}],"version-history":[{"count":1,"href":"https:\/\/agora.xtec.cat\/escola-solivent\/wp-json\/wp\/v2\/posts\/2745\/revisions"}],"predecessor-version":[{"id":2747,"href":"https:\/\/agora.xtec.cat\/escola-solivent\/wp-json\/wp\/v2\/posts\/2745\/revisions\/2747"}],"wp:featuredmedia":[{"embeddable":true,"href":"https:\/\/agora.xtec.cat\/escola-solivent\/wp-json\/wp\/v2\/media\/2746"}],"wp:attachment":[{"href":"https:\/\/agora.xtec.cat\/escola-solivent\/wp-json\/wp\/v2\/media?parent=2745"}],"wp:term":[{"taxonomy":"category","embeddable":true,"href":"https:\/\/agora.xtec.cat\/escola-solivent\/wp-json\/wp\/v2\/categories?post=2745"},{"taxonomy":"post_tag","embeddable":true,"href":"https:\/\/agora.xtec.cat\/escola-solivent\/wp-json\/wp\/v2\/tags?post=2745"}],"curies":[{"name":"wp","href":"https:\/\/api.w.org\/{rel}","templated":true}]}}