{"id":2732,"date":"2020-01-31T16:09:19","date_gmt":"2020-01-31T15:09:19","guid":{"rendered":"http:\/\/agora.xtec.cat\/escola-solivent\/?p=2732"},"modified":"2020-01-31T16:09:19","modified_gmt":"2020-01-31T15:09:19","slug":"projecte-comarques-4t","status":"publish","type":"post","link":"https:\/\/agora.xtec.cat\/escola-solivent\/general\/projecte-comarques-4t\/","title":{"rendered":"PROJECTE COMARQUES 4T"},"content":{"rendered":"<p><span style=\"font-weight: 400;\">Un dels temes que hem estudiat a medi ha sigut les comarques de Catalunya. <\/span><span style=\"font-weight: 400;\">A classe hem vist les caracter\u00edstiques de les comarques de plana, de costa i de muntanya. <\/span><span style=\"font-weight: 400;\">Amb els ordinadors port\u00e0tils hem fet activitats online per aprendre millor la seva ubicaci\u00f3 i peculiaritats. <\/span><span style=\"font-weight: 400;\">I per acabar el projecte hem investigat sobre la nostra comarca: l&#8217;Alt Empord\u00e0. N&#8217;hem fet una maqueta i per grups hem estudiat la situaci\u00f3, els personatges, la flora i fauna, les comunicacions, gastronomia i cultura.<\/span><\/p>\n<p><span style=\"font-weight: 400;\">Tot un plaer passejar per l&#8217;Empord\u00e0!!<\/span><\/p>\n<p><span style=\"font-weight: 400;\">Mireu el v\u00eddeo i veure-ho tot el proc\u00e9s del nostre projecte!<\/span><\/p>\n<p>&nbsp;<\/p>\n<p>&nbsp;<\/p>\n<p>&nbsp;<\/p>\n<p><a href=\"https:\/\/youtu.be\/Bo6nXzsmugI\"><span style=\"font-weight: 400;\">https:\/\/youtu.be\/Bo6nXzsmugI<\/span><\/a><\/p>\n","protected":false},"excerpt":{"rendered":"<p>Un dels temes que hem estudiat a medi ha sigut les comarques de Catalunya. A classe hem vist les caracter\u00edstiques de les comarques de plana, de costa i de muntanya. Amb els ordinadors port\u00e0tils hem fet activitats online per aprendre millor la seva ubicaci\u00f3 i&hellip;  <a href=\"https:\/\/agora.xtec.cat\/escola-solivent\/general\/projecte-comarques-4t\/\" title=\"Read PROJECTE COMARQUES 4T\">Llegeix m\u00e9s\u00bb<\/a><\/p>\n","protected":false},"author":1,"featured_media":1214,"comment_status":"open","ping_status":"closed","sticky":false,"template":"","format":"standard","meta":{"_bbp_topic_count":0,"_bbp_reply_count":0,"_bbp_total_topic_count":0,"_bbp_total_reply_count":0,"_bbp_voice_count":0,"_bbp_anonymous_reply_count":0,"_bbp_topic_count_hidden":0,"_bbp_reply_count_hidden":0,"_bbp_forum_subforum_count":0,"footnotes":""},"categories":[13,1,4],"tags":[],"class_list":["post-2732","post","type-post","status-publish","format-standard","has-post-thumbnail","hentry","category-4t","category-general","category-portada"],"post_mailing_queue_ids":[],"_links":{"self":[{"href":"https:\/\/agora.xtec.cat\/escola-solivent\/wp-json\/wp\/v2\/posts\/2732","targetHints":{"allow":["GET"]}}],"collection":[{"href":"https:\/\/agora.xtec.cat\/escola-solivent\/wp-json\/wp\/v2\/posts"}],"about":[{"href":"https:\/\/agora.xtec.cat\/escola-solivent\/wp-json\/wp\/v2\/types\/post"}],"author":[{"embeddable":true,"href":"https:\/\/agora.xtec.cat\/escola-solivent\/wp-json\/wp\/v2\/users\/1"}],"replies":[{"embeddable":true,"href":"https:\/\/agora.xtec.cat\/escola-solivent\/wp-json\/wp\/v2\/comments?post=2732"}],"version-history":[{"count":1,"href":"https:\/\/agora.xtec.cat\/escola-solivent\/wp-json\/wp\/v2\/posts\/2732\/revisions"}],"predecessor-version":[{"id":2733,"href":"https:\/\/agora.xtec.cat\/escola-solivent\/wp-json\/wp\/v2\/posts\/2732\/revisions\/2733"}],"wp:featuredmedia":[{"embeddable":true,"href":"https:\/\/agora.xtec.cat\/escola-solivent\/wp-json\/wp\/v2\/media\/1214"}],"wp:attachment":[{"href":"https:\/\/agora.xtec.cat\/escola-solivent\/wp-json\/wp\/v2\/media?parent=2732"}],"wp:term":[{"taxonomy":"category","embeddable":true,"href":"https:\/\/agora.xtec.cat\/escola-solivent\/wp-json\/wp\/v2\/categories?post=2732"},{"taxonomy":"post_tag","embeddable":true,"href":"https:\/\/agora.xtec.cat\/escola-solivent\/wp-json\/wp\/v2\/tags?post=2732"}],"curies":[{"name":"wp","href":"https:\/\/api.w.org\/{rel}","templated":true}]}}