{"id":2710,"date":"2020-01-19T12:32:26","date_gmt":"2020-01-19T11:32:26","guid":{"rendered":"http:\/\/agora.xtec.cat\/escola-solivent\/?p=2710"},"modified":"2020-01-19T12:32:26","modified_gmt":"2020-01-19T11:32:26","slug":"el-cos-huma-a-cicle-inicial","status":"publish","type":"post","link":"https:\/\/agora.xtec.cat\/escola-solivent\/general\/el-cos-huma-a-cicle-inicial\/","title":{"rendered":"EL COS HUM\u00c0 A CICLE INICIAL"},"content":{"rendered":"<p>A cicle inicial hem comen\u00e7at a estudiar un nou tema de medi, el cos hum\u00e0. Per introduir la tem\u00e0tica vam dibuixar la silueta d\u2019un company o d\u2019una companya tot assenyalant amb fletxes les parts del cos que coneixem. Va ser una activitat molt divertida.<\/p>\n<p><a href=\"https:\/\/photos.app.goo.gl\/52YxMfhytX7Te2Re6\">Cliqueu aqu\u00ed per veure les fotografies.<\/a><\/p>\n","protected":false},"excerpt":{"rendered":"<p>A cicle inicial hem comen\u00e7at a estudiar un nou tema de medi, el cos hum\u00e0. Per introduir la tem\u00e0tica vam dibuixar la silueta d\u2019un company o d\u2019una companya tot assenyalant amb fletxes les parts del cos que coneixem. Va ser una activitat molt divertida.<br \/>\n<a href=\"https:\/\/photos.app.goo.gl\/52YxMfhytX7Te2Re6\">Cliqueu&hellip;  <a href=\"https:\/\/agora.xtec.cat\/escola-solivent\/general\/el-cos-huma-a-cicle-inicial\/\" title=\"Read EL COS HUM\u00c0 A CICLE INICIAL\">Llegeix m\u00e9s\u00bb<\/a><\/p>\n","protected":false},"author":1,"featured_media":2711,"comment_status":"open","ping_status":"closed","sticky":false,"template":"","format":"standard","meta":{"_bbp_topic_count":0,"_bbp_reply_count":0,"_bbp_total_topic_count":0,"_bbp_total_reply_count":0,"_bbp_voice_count":0,"_bbp_anonymous_reply_count":0,"_bbp_topic_count_hidden":0,"_bbp_reply_count_hidden":0,"_bbp_forum_subforum_count":0,"footnotes":""},"categories":[10,11,1,4,5],"tags":[],"class_list":["post-2710","post","type-post","status-publish","format-standard","has-post-thumbnail","hentry","category-1r","category-2n","category-general","category-portada","category-primaria"],"post_mailing_queue_ids":[],"_links":{"self":[{"href":"https:\/\/agora.xtec.cat\/escola-solivent\/wp-json\/wp\/v2\/posts\/2710","targetHints":{"allow":["GET"]}}],"collection":[{"href":"https:\/\/agora.xtec.cat\/escola-solivent\/wp-json\/wp\/v2\/posts"}],"about":[{"href":"https:\/\/agora.xtec.cat\/escola-solivent\/wp-json\/wp\/v2\/types\/post"}],"author":[{"embeddable":true,"href":"https:\/\/agora.xtec.cat\/escola-solivent\/wp-json\/wp\/v2\/users\/1"}],"replies":[{"embeddable":true,"href":"https:\/\/agora.xtec.cat\/escola-solivent\/wp-json\/wp\/v2\/comments?post=2710"}],"version-history":[{"count":1,"href":"https:\/\/agora.xtec.cat\/escola-solivent\/wp-json\/wp\/v2\/posts\/2710\/revisions"}],"predecessor-version":[{"id":2712,"href":"https:\/\/agora.xtec.cat\/escola-solivent\/wp-json\/wp\/v2\/posts\/2710\/revisions\/2712"}],"wp:featuredmedia":[{"embeddable":true,"href":"https:\/\/agora.xtec.cat\/escola-solivent\/wp-json\/wp\/v2\/media\/2711"}],"wp:attachment":[{"href":"https:\/\/agora.xtec.cat\/escola-solivent\/wp-json\/wp\/v2\/media?parent=2710"}],"wp:term":[{"taxonomy":"category","embeddable":true,"href":"https:\/\/agora.xtec.cat\/escola-solivent\/wp-json\/wp\/v2\/categories?post=2710"},{"taxonomy":"post_tag","embeddable":true,"href":"https:\/\/agora.xtec.cat\/escola-solivent\/wp-json\/wp\/v2\/tags?post=2710"}],"curies":[{"name":"wp","href":"https:\/\/api.w.org\/{rel}","templated":true}]}}