{"id":2612,"date":"2019-11-16T14:09:02","date_gmt":"2019-11-16T13:09:02","guid":{"rendered":"http:\/\/agora.xtec.cat\/escola-solivent\/?p=2612"},"modified":"2019-11-16T14:09:02","modified_gmt":"2019-11-16T13:09:02","slug":"berenar-de-tardor-a-primaria","status":"publish","type":"post","link":"https:\/\/agora.xtec.cat\/escola-solivent\/general\/berenar-de-tardor-a-primaria\/","title":{"rendered":"BERENAR DE TARDOR A PRIM\u00c0RIA"},"content":{"rendered":"<p>Els nens i nenes de prim\u00e0ria el dimecres a la tarda vam fer un berenar de Tardor. Vam portar peces de fruita i fruits secs t\u00edpics d\u2019aquesta estaci\u00f3.<\/p>\n<p><a href=\"https:\/\/photos.app.goo.gl\/msaJJMDwikecgtsY7\">Aqu\u00ed us deixem unes quantes fotografies.\u00a0<\/a><\/p>\n","protected":false},"excerpt":{"rendered":"<p>Els nens i nenes de prim\u00e0ria el dimecres a la tarda vam fer un berenar de Tardor. Vam portar peces de fruita i fruits secs t\u00edpics d\u2019aquesta estaci\u00f3.<br \/>\n<a href=\"https:\/\/photos.app.goo.gl\/msaJJMDwikecgtsY7\">Aqu\u00ed us deixem unes quantes fotografies.\u00a0<\/a><\/p>\n","protected":false},"author":1,"featured_media":2592,"comment_status":"open","ping_status":"closed","sticky":false,"template":"","format":"standard","meta":{"_bbp_topic_count":0,"_bbp_reply_count":0,"_bbp_total_topic_count":0,"_bbp_total_reply_count":0,"_bbp_voice_count":0,"_bbp_anonymous_reply_count":0,"_bbp_topic_count_hidden":0,"_bbp_reply_count_hidden":0,"_bbp_forum_subforum_count":0,"footnotes":""},"categories":[10,11,12,13,14,15,1,4,5],"tags":[67],"class_list":["post-2612","post","type-post","status-publish","format-standard","has-post-thumbnail","hentry","category-1r","category-2n","category-3r","category-4t","category-5e","category-6e","category-general","category-portada","category-primaria","tag-tardor"],"post_mailing_queue_ids":[],"_links":{"self":[{"href":"https:\/\/agora.xtec.cat\/escola-solivent\/wp-json\/wp\/v2\/posts\/2612","targetHints":{"allow":["GET"]}}],"collection":[{"href":"https:\/\/agora.xtec.cat\/escola-solivent\/wp-json\/wp\/v2\/posts"}],"about":[{"href":"https:\/\/agora.xtec.cat\/escola-solivent\/wp-json\/wp\/v2\/types\/post"}],"author":[{"embeddable":true,"href":"https:\/\/agora.xtec.cat\/escola-solivent\/wp-json\/wp\/v2\/users\/1"}],"replies":[{"embeddable":true,"href":"https:\/\/agora.xtec.cat\/escola-solivent\/wp-json\/wp\/v2\/comments?post=2612"}],"version-history":[{"count":1,"href":"https:\/\/agora.xtec.cat\/escola-solivent\/wp-json\/wp\/v2\/posts\/2612\/revisions"}],"predecessor-version":[{"id":2613,"href":"https:\/\/agora.xtec.cat\/escola-solivent\/wp-json\/wp\/v2\/posts\/2612\/revisions\/2613"}],"wp:featuredmedia":[{"embeddable":true,"href":"https:\/\/agora.xtec.cat\/escola-solivent\/wp-json\/wp\/v2\/media\/2592"}],"wp:attachment":[{"href":"https:\/\/agora.xtec.cat\/escola-solivent\/wp-json\/wp\/v2\/media?parent=2612"}],"wp:term":[{"taxonomy":"category","embeddable":true,"href":"https:\/\/agora.xtec.cat\/escola-solivent\/wp-json\/wp\/v2\/categories?post=2612"},{"taxonomy":"post_tag","embeddable":true,"href":"https:\/\/agora.xtec.cat\/escola-solivent\/wp-json\/wp\/v2\/tags?post=2612"}],"curies":[{"name":"wp","href":"https:\/\/api.w.org\/{rel}","templated":true}]}}