{"id":2608,"date":"2019-11-16T13:13:53","date_gmt":"2019-11-16T12:13:53","guid":{"rendered":"http:\/\/agora.xtec.cat\/escola-solivent\/?p=2608"},"modified":"2019-11-16T13:13:53","modified_gmt":"2019-11-16T12:13:53","slug":"racons-intercicle-a-infantil","status":"publish","type":"post","link":"https:\/\/agora.xtec.cat\/escola-solivent\/general\/racons-intercicle-a-infantil\/","title":{"rendered":"RACONS INTERCICLE A INFANTIL"},"content":{"rendered":"<p><span style=\"font-weight: 400;\">Els dimarts i dimecres a la tarda els nens i les nenes de P4 i P5 ens barregem en tres grups per fer racons intercicles; a<\/span><span style=\"font-weight: 400;\">lguns nens i nenes van amb la Dolors Jacomet i fan dramatitzacions de contes, uns altres van amb la Dolors Isern i fan jocs matem\u00e0tics i simb\u00f2lic i uns altres amb l\u2019Anna Riera i treballen l\u2019intel\u00b7lig\u00e8ncia emocional.<\/span><\/p>\n<ul>\n<li style=\"font-weight: 400;\"><span style=\"font-weight: 400;\">Aquests \u00faltims dies amb l\u2019Anna, hem anat al rac\u00f3 de la calma; hem apr\u00e8s estrat\u00e8gies per relaxar-nos i estar tranquils i hem gaudit fent massatges.\u00a0<\/span><\/li>\n<li style=\"font-weight: 400;\"><span style=\"font-weight: 400;\">Amb la Dolors Jacomet anem a l\u2019aula de P5 que hi trobem el rac\u00f3 de llengua i mans fines. Hem comen\u00e7at a explicar contes tradicionals i els hem dramatitzat davant els companys. Hem elaborat m\u00e0scares, corones, titelles i fins i tot ens hem maquillat per representar els personatges del conte.<\/span><\/li>\n<li style=\"font-weight: 400;\"><span style=\"font-weight: 400;\">Amb la Dolors Isern estem a l\u2019 aula de P4 i hem jugat al rac\u00f3 de joc simb\u00f2lic: la cuineta i construccions (carreteres, vies, trens, cotxes\u2026)<\/span><\/li>\n<\/ul>\n<p><a href=\"https:\/\/photos.app.goo.gl\/hUbSxwgf7WFxUa6JA\">Aqu\u00ed us deixem unes fotografies.<\/a><\/p>\n","protected":false},"excerpt":{"rendered":"<p>Els dimarts i dimecres a la tarda els nens i les nenes de P4 i P5 ens barregem en tres grups per fer racons intercicles; alguns nens i nenes van amb la Dolors Jacomet i fan dramatitzacions de contes, uns altres van amb la Dolors&hellip;  <a href=\"https:\/\/agora.xtec.cat\/escola-solivent\/general\/racons-intercicle-a-infantil\/\" title=\"Read RACONS INTERCICLE A INFANTIL\">Llegeix m\u00e9s\u00bb<\/a><\/p>\n","protected":false},"author":1,"featured_media":2610,"comment_status":"open","ping_status":"closed","sticky":false,"template":"","format":"standard","meta":{"_bbp_topic_count":0,"_bbp_reply_count":0,"_bbp_total_topic_count":0,"_bbp_total_reply_count":0,"_bbp_voice_count":0,"_bbp_anonymous_reply_count":0,"_bbp_topic_count_hidden":0,"_bbp_reply_count_hidden":0,"_bbp_forum_subforum_count":0,"footnotes":""},"categories":[1,2,3,8,9,4],"tags":[145,152,123],"class_list":["post-2608","post","type-post","status-publish","format-standard","has-post-thumbnail","hentry","category-general","category-infantil","category-i3","category-i4","category-i5","category-portada","tag-infantil","tag-intercicle","tag-racons"],"post_mailing_queue_ids":[],"_links":{"self":[{"href":"https:\/\/agora.xtec.cat\/escola-solivent\/wp-json\/wp\/v2\/posts\/2608","targetHints":{"allow":["GET"]}}],"collection":[{"href":"https:\/\/agora.xtec.cat\/escola-solivent\/wp-json\/wp\/v2\/posts"}],"about":[{"href":"https:\/\/agora.xtec.cat\/escola-solivent\/wp-json\/wp\/v2\/types\/post"}],"author":[{"embeddable":true,"href":"https:\/\/agora.xtec.cat\/escola-solivent\/wp-json\/wp\/v2\/users\/1"}],"replies":[{"embeddable":true,"href":"https:\/\/agora.xtec.cat\/escola-solivent\/wp-json\/wp\/v2\/comments?post=2608"}],"version-history":[{"count":1,"href":"https:\/\/agora.xtec.cat\/escola-solivent\/wp-json\/wp\/v2\/posts\/2608\/revisions"}],"predecessor-version":[{"id":2611,"href":"https:\/\/agora.xtec.cat\/escola-solivent\/wp-json\/wp\/v2\/posts\/2608\/revisions\/2611"}],"wp:featuredmedia":[{"embeddable":true,"href":"https:\/\/agora.xtec.cat\/escola-solivent\/wp-json\/wp\/v2\/media\/2610"}],"wp:attachment":[{"href":"https:\/\/agora.xtec.cat\/escola-solivent\/wp-json\/wp\/v2\/media?parent=2608"}],"wp:term":[{"taxonomy":"category","embeddable":true,"href":"https:\/\/agora.xtec.cat\/escola-solivent\/wp-json\/wp\/v2\/categories?post=2608"},{"taxonomy":"post_tag","embeddable":true,"href":"https:\/\/agora.xtec.cat\/escola-solivent\/wp-json\/wp\/v2\/tags?post=2608"}],"curies":[{"name":"wp","href":"https:\/\/api.w.org\/{rel}","templated":true}]}}