{"id":2527,"date":"2019-10-13T13:30:15","date_gmt":"2019-10-13T11:30:15","guid":{"rendered":"http:\/\/agora.xtec.cat\/escola-solivent\/?p=2527"},"modified":"2019-10-13T13:30:15","modified_gmt":"2019-10-13T11:30:15","slug":"cicle-inicial-treballa-la-tardor","status":"publish","type":"post","link":"https:\/\/agora.xtec.cat\/escola-solivent\/general\/cicle-inicial-treballa-la-tardor\/","title":{"rendered":"CICLE INICIAL TREBALLA LA TARDOR"},"content":{"rendered":"<p dir=\"ltr\" style=\"line-height: 1.7999999999999998; text-align: justify; margin-top: 0pt; margin-bottom: 0pt;\"><span style=\"font-size: 12pt; font-family: Arial; color: #000000; background-color: transparent; font-weight: 400; font-style: normal; font-variant: normal; text-decoration: none; vertical-align: baseline; white-space: pre-wrap;\">Els nens i les nenes de cicle inicial estan treballant el tema de la tardor a l\u2019\u00e0rea de medi a trav\u00e9s dels racons. Mitjan\u00e7ant la lectura de certs llibres obtenen informaci\u00f3 sobre els animals i els fruits d\u2019aquesta estaci\u00f3; amb la plastilina aconsegueixen formar un dels animals que estudiem aquest curs, els cargols; i a trav\u00e9s de l\u2019experimentaci\u00f3 observen el canvi de color que pateixen les fulles durant la tardor.\u00a0<\/span><\/p>\n<p dir=\"ltr\">\n<p dir=\"ltr\"><a href=\"https:\/\/photos.app.goo.gl\/WSqUudaML6ZMGeeo6\">Cliqueu aqu\u00ed per veure les fotos<\/a><\/p>\n","protected":false},"excerpt":{"rendered":"<p>Els nens i les nenes de cicle inicial estan treballant el tema de la tardor a l\u2019\u00e0rea de medi a trav\u00e9s dels racons. Mitjan\u00e7ant la lectura de certs llibres obtenen informaci\u00f3 sobre els animals i els fruits d\u2019aquesta estaci\u00f3; amb la plastilina aconsegueixen formar un&hellip;  <a href=\"https:\/\/agora.xtec.cat\/escola-solivent\/general\/cicle-inicial-treballa-la-tardor\/\" title=\"Read CICLE INICIAL TREBALLA LA TARDOR\">Llegeix m\u00e9s\u00bb<\/a><\/p>\n","protected":false},"author":1,"featured_media":2529,"comment_status":"open","ping_status":"closed","sticky":false,"template":"","format":"standard","meta":{"_bbp_topic_count":0,"_bbp_reply_count":0,"_bbp_total_topic_count":0,"_bbp_total_reply_count":0,"_bbp_voice_count":0,"_bbp_anonymous_reply_count":0,"_bbp_topic_count_hidden":0,"_bbp_reply_count_hidden":0,"_bbp_forum_subforum_count":0,"footnotes":""},"categories":[10,11,1,4,5],"tags":[],"class_list":["post-2527","post","type-post","status-publish","format-standard","has-post-thumbnail","hentry","category-1r","category-2n","category-general","category-portada","category-primaria"],"post_mailing_queue_ids":[],"_links":{"self":[{"href":"https:\/\/agora.xtec.cat\/escola-solivent\/wp-json\/wp\/v2\/posts\/2527","targetHints":{"allow":["GET"]}}],"collection":[{"href":"https:\/\/agora.xtec.cat\/escola-solivent\/wp-json\/wp\/v2\/posts"}],"about":[{"href":"https:\/\/agora.xtec.cat\/escola-solivent\/wp-json\/wp\/v2\/types\/post"}],"author":[{"embeddable":true,"href":"https:\/\/agora.xtec.cat\/escola-solivent\/wp-json\/wp\/v2\/users\/1"}],"replies":[{"embeddable":true,"href":"https:\/\/agora.xtec.cat\/escola-solivent\/wp-json\/wp\/v2\/comments?post=2527"}],"version-history":[{"count":1,"href":"https:\/\/agora.xtec.cat\/escola-solivent\/wp-json\/wp\/v2\/posts\/2527\/revisions"}],"predecessor-version":[{"id":2530,"href":"https:\/\/agora.xtec.cat\/escola-solivent\/wp-json\/wp\/v2\/posts\/2527\/revisions\/2530"}],"wp:featuredmedia":[{"embeddable":true,"href":"https:\/\/agora.xtec.cat\/escola-solivent\/wp-json\/wp\/v2\/media\/2529"}],"wp:attachment":[{"href":"https:\/\/agora.xtec.cat\/escola-solivent\/wp-json\/wp\/v2\/media?parent=2527"}],"wp:term":[{"taxonomy":"category","embeddable":true,"href":"https:\/\/agora.xtec.cat\/escola-solivent\/wp-json\/wp\/v2\/categories?post=2527"},{"taxonomy":"post_tag","embeddable":true,"href":"https:\/\/agora.xtec.cat\/escola-solivent\/wp-json\/wp\/v2\/tags?post=2527"}],"curies":[{"name":"wp","href":"https:\/\/api.w.org\/{rel}","templated":true}]}}