{"id":2409,"date":"2019-07-01T09:44:27","date_gmt":"2019-07-01T07:44:27","guid":{"rendered":"http:\/\/agora.xtec.cat\/escola-solivent\/?p=2409"},"modified":"2019-07-01T09:44:27","modified_gmt":"2019-07-01T07:44:27","slug":"animals-a-p3","status":"publish","type":"post","link":"https:\/\/agora.xtec.cat\/escola-solivent\/general\/animals-a-p3\/","title":{"rendered":"Animals a P3"},"content":{"rendered":"<p>L\u2019 Enric, l\u2019 oncle de la J\u00falia Maureta, ens va portar una guatlla a la classe. La v\u00e0rem poder tocar i\u00a0 saber alguna cosa d\u2019 ella: com era, qu\u00e8 menjava<\/p>\n<p>Tamb\u00e9 v\u00e0rem anar a visitar la granja de conills i de vaques que hi ha a Vilafant.<\/p>\n<p>Hi havia molts de conills, grans, petits, mitjans i tamb\u00e9 moltes vaques i vedells, algun d\u2019 ells havien nascut nom\u00e9s feia dos o tres dies.<\/p>\n<p>Per acabar v\u00e0rem anar a veure \u00e0necs i gallines a cals avis de la J\u00falia, fins i tot ens varen convidar a esmorzar.<\/p>\n<p>Moltes gr\u00e0cies a tothom i, especialment, a en V\u00edctor de 5\u00e8 que ens va fer de guia tot el mat\u00ed i ens va explicar un pil\u00f3 de coses de les vaques i els vedells.<\/p>\n<p>Aqu\u00ed us deixem un <a href=\"https:\/\/photos.app.goo.gl\/JVqMeXZNR1tuMz1s8\">recull fotogr\u00e0fic<\/a>.<\/p>\n","protected":false},"excerpt":{"rendered":"<p>L\u2019 Enric, l\u2019 oncle de la J\u00falia Maureta, ens va portar una guatlla a la classe. La v\u00e0rem poder tocar i\u00a0 saber alguna cosa d\u2019 ella: com era, qu\u00e8 menjava<br \/>\nTamb\u00e9 v\u00e0rem anar a visitar la granja de conills i de vaques que hi ha a&hellip;  <a href=\"https:\/\/agora.xtec.cat\/escola-solivent\/general\/animals-a-p3\/\" title=\"Read Animals a P3\">Llegeix m\u00e9s\u00bb<\/a><\/p>\n","protected":false},"author":1,"featured_media":2410,"comment_status":"open","ping_status":"closed","sticky":false,"template":"","format":"standard","meta":{"_bbp_topic_count":0,"_bbp_reply_count":0,"_bbp_total_topic_count":0,"_bbp_total_reply_count":0,"_bbp_voice_count":0,"_bbp_anonymous_reply_count":0,"_bbp_topic_count_hidden":0,"_bbp_reply_count_hidden":0,"_bbp_forum_subforum_count":0,"footnotes":""},"categories":[1,2,3,4],"tags":[142,89,87],"class_list":["post-2409","post","type-post","status-publish","format-standard","has-post-thumbnail","hentry","category-general","category-infantil","category-i3","category-portada","tag-animals","tag-descoberta","tag-entorn"],"post_mailing_queue_ids":[],"_links":{"self":[{"href":"https:\/\/agora.xtec.cat\/escola-solivent\/wp-json\/wp\/v2\/posts\/2409","targetHints":{"allow":["GET"]}}],"collection":[{"href":"https:\/\/agora.xtec.cat\/escola-solivent\/wp-json\/wp\/v2\/posts"}],"about":[{"href":"https:\/\/agora.xtec.cat\/escola-solivent\/wp-json\/wp\/v2\/types\/post"}],"author":[{"embeddable":true,"href":"https:\/\/agora.xtec.cat\/escola-solivent\/wp-json\/wp\/v2\/users\/1"}],"replies":[{"embeddable":true,"href":"https:\/\/agora.xtec.cat\/escola-solivent\/wp-json\/wp\/v2\/comments?post=2409"}],"version-history":[{"count":1,"href":"https:\/\/agora.xtec.cat\/escola-solivent\/wp-json\/wp\/v2\/posts\/2409\/revisions"}],"predecessor-version":[{"id":2411,"href":"https:\/\/agora.xtec.cat\/escola-solivent\/wp-json\/wp\/v2\/posts\/2409\/revisions\/2411"}],"wp:featuredmedia":[{"embeddable":true,"href":"https:\/\/agora.xtec.cat\/escola-solivent\/wp-json\/wp\/v2\/media\/2410"}],"wp:attachment":[{"href":"https:\/\/agora.xtec.cat\/escola-solivent\/wp-json\/wp\/v2\/media?parent=2409"}],"wp:term":[{"taxonomy":"category","embeddable":true,"href":"https:\/\/agora.xtec.cat\/escola-solivent\/wp-json\/wp\/v2\/categories?post=2409"},{"taxonomy":"post_tag","embeddable":true,"href":"https:\/\/agora.xtec.cat\/escola-solivent\/wp-json\/wp\/v2\/tags?post=2409"}],"curies":[{"name":"wp","href":"https:\/\/api.w.org\/{rel}","templated":true}]}}