{"id":2357,"date":"2019-06-16T20:52:15","date_gmt":"2019-06-16T18:52:15","guid":{"rendered":"http:\/\/agora.xtec.cat\/escola-solivent\/?p=2357"},"modified":"2019-06-16T20:53:00","modified_gmt":"2019-06-16T18:53:00","slug":"viatge-fi-de-curs-de-6e","status":"publish","type":"post","link":"https:\/\/agora.xtec.cat\/escola-solivent\/general\/viatge-fi-de-curs-de-6e\/","title":{"rendered":"6\u00e8: Viatge fi de curs a Port Aventura"},"content":{"rendered":"<p>Els alumnes de sis\u00e8 han anat d&#8217;excursi\u00f3 de final de curs a Port Aventura.<\/p>\n<p>Han sigut dos dies plens d&#8217;emocions compartides.<\/p>\n<p>Aqu\u00ed us deixem un video amb un recull d&#8217;aquests dies.<\/p>\n<p style=\"text-align: center;\"><iframe loading=\"lazy\" src=\"\/\/www.youtube.com\/embed\/ELQS3p4NQyU\" width=\"560\" height=\"314\" allowfullscreen=\"allowfullscreen\"><\/iframe><\/p>\n","protected":false},"excerpt":{"rendered":"<p>Els alumnes de sis\u00e8 han anat d&#8217;excursi\u00f3 de final de curs a Port Aventura.<br \/>\nHan sigut dos dies plens d&#8217;emocions compartides.<br \/>\nAqu\u00ed us deixem un video amb un recull d&#8217;aquests dies.<\/p>\n","protected":false},"author":1,"featured_media":2358,"comment_status":"open","ping_status":"closed","sticky":false,"template":"","format":"standard","meta":{"_bbp_topic_count":0,"_bbp_reply_count":0,"_bbp_total_topic_count":0,"_bbp_total_reply_count":0,"_bbp_voice_count":0,"_bbp_anonymous_reply_count":0,"_bbp_topic_count_hidden":0,"_bbp_reply_count_hidden":0,"_bbp_forum_subforum_count":0,"footnotes":""},"categories":[15,1,4,5],"tags":[16],"class_list":["post-2357","post","type-post","status-publish","format-standard","has-post-thumbnail","hentry","category-6e","category-general","category-portada","category-primaria","tag-sortides"],"post_mailing_queue_ids":[],"_links":{"self":[{"href":"https:\/\/agora.xtec.cat\/escola-solivent\/wp-json\/wp\/v2\/posts\/2357","targetHints":{"allow":["GET"]}}],"collection":[{"href":"https:\/\/agora.xtec.cat\/escola-solivent\/wp-json\/wp\/v2\/posts"}],"about":[{"href":"https:\/\/agora.xtec.cat\/escola-solivent\/wp-json\/wp\/v2\/types\/post"}],"author":[{"embeddable":true,"href":"https:\/\/agora.xtec.cat\/escola-solivent\/wp-json\/wp\/v2\/users\/1"}],"replies":[{"embeddable":true,"href":"https:\/\/agora.xtec.cat\/escola-solivent\/wp-json\/wp\/v2\/comments?post=2357"}],"version-history":[{"count":3,"href":"https:\/\/agora.xtec.cat\/escola-solivent\/wp-json\/wp\/v2\/posts\/2357\/revisions"}],"predecessor-version":[{"id":2361,"href":"https:\/\/agora.xtec.cat\/escola-solivent\/wp-json\/wp\/v2\/posts\/2357\/revisions\/2361"}],"wp:featuredmedia":[{"embeddable":true,"href":"https:\/\/agora.xtec.cat\/escola-solivent\/wp-json\/wp\/v2\/media\/2358"}],"wp:attachment":[{"href":"https:\/\/agora.xtec.cat\/escola-solivent\/wp-json\/wp\/v2\/media?parent=2357"}],"wp:term":[{"taxonomy":"category","embeddable":true,"href":"https:\/\/agora.xtec.cat\/escola-solivent\/wp-json\/wp\/v2\/categories?post=2357"},{"taxonomy":"post_tag","embeddable":true,"href":"https:\/\/agora.xtec.cat\/escola-solivent\/wp-json\/wp\/v2\/tags?post=2357"}],"curies":[{"name":"wp","href":"https:\/\/api.w.org\/{rel}","templated":true}]}}