{"id":2298,"date":"2019-05-20T16:06:32","date_gmt":"2019-05-20T14:06:32","guid":{"rendered":"http:\/\/agora.xtec.cat\/escola-solivent\/?p=2298"},"modified":"2019-05-20T16:17:04","modified_gmt":"2019-05-20T14:17:04","slug":"sortida-a-laula-de-la-natura-de-banyoles","status":"publish","type":"post","link":"https:\/\/agora.xtec.cat\/escola-solivent\/general\/sortida-a-laula-de-la-natura-de-banyoles\/","title":{"rendered":"Sortida a l&#8217;aula de la natura de Banyoles"},"content":{"rendered":"<p>Els nens i les nenes d\u2019Educaci\u00f3 Infantil hem anat d\u2019excursi\u00f3 a l\u2019aula de natura de Banyoles!!!<\/p>\n<p>Hem sortit de l\u2019escola molt puntuals i hem anat en autob\u00fas fins a Banyoles!!! Quan hem arribat al parc de la Draga hem esmorzat i tot seguit ens ha vingut a veure en\u00a0 Blauet.<\/p>\n<p>Hem descobert l\u2019entorn de l\u2019estany a trav\u00e9s d\u2019uns jocs\u00a0 dels 5 sentits molt divertits.<\/p>\n<p>Despr\u00e9s hem anat a dinar al parc de la Draga i hem jugat una estona\u00a0 fins que ens ha vingut a buscar el tren Pinxo!!!<\/p>\n<p>Que b\u00e9 ens ho hem passat passejant en el tren Pinxo i cantant la seva can\u00e7\u00f3: \u201c<em>el tren Pinxo de Banyoles \u00e9s el m\u00e9s bonic de tots\u201d&#8230;.<\/em><\/p>\n<p>Hem arribat a l\u2019escola molt contents!!!<\/p>\n<p><a href=\"https:\/\/photos.app.goo.gl\/isdaR6pKw7PiQ7x57\">Mireu<\/a>!!<\/p>\n<p><a href=\"https:\/\/photos.app.goo.gl\/isdaR6pKw7PiQ7x57\"><img loading=\"lazy\" decoding=\"async\" class=\"aligncenter size-medium wp-image-2299\" src=\"https:\/\/agora.xtec.cat\/escola-solivent\/wp-content\/uploads\/usu1558\/2019\/05\/DSC09421-300x211.jpg\" alt=\"\" width=\"300\" height=\"211\" srcset=\"https:\/\/agora.xtec.cat\/escola-solivent\/wp-content\/uploads\/usu1558\/2019\/05\/DSC09421-300x211.jpg 300w, https:\/\/agora.xtec.cat\/escola-solivent\/wp-content\/uploads\/usu1558\/2019\/05\/DSC09421-768x540.jpg 768w, https:\/\/agora.xtec.cat\/escola-solivent\/wp-content\/uploads\/usu1558\/2019\/05\/DSC09421-1024x720.jpg 1024w\" sizes=\"auto, (max-width: 300px) 100vw, 300px\" \/><\/a><\/p>\n","protected":false},"excerpt":{"rendered":"<p>Els nens i les nenes d\u2019Educaci\u00f3 Infantil hem anat d\u2019excursi\u00f3 a l\u2019aula de natura de Banyoles!!!<br \/>\nHem sortit de l\u2019escola molt puntuals i hem anat en autob\u00fas fins a Banyoles!!! Quan hem arribat al parc de la Draga hem esmorzat i tot seguit ens ha vingut&hellip;  <a href=\"https:\/\/agora.xtec.cat\/escola-solivent\/general\/sortida-a-laula-de-la-natura-de-banyoles\/\" title=\"Read Sortida a l&#8217;aula de la natura de Banyoles\">Llegeix m\u00e9s\u00bb<\/a><\/p>\n","protected":false},"author":1,"featured_media":2299,"comment_status":"open","ping_status":"closed","sticky":false,"template":"","format":"standard","meta":{"_bbp_topic_count":0,"_bbp_reply_count":0,"_bbp_total_topic_count":0,"_bbp_total_reply_count":0,"_bbp_voice_count":0,"_bbp_anonymous_reply_count":0,"_bbp_topic_count_hidden":0,"_bbp_reply_count_hidden":0,"_bbp_forum_subforum_count":0,"footnotes":""},"categories":[1,2,3,8,9,4],"tags":[89,87,138,16],"class_list":["post-2298","post","type-post","status-publish","format-standard","has-post-thumbnail","hentry","category-general","category-infantil","category-i3","category-i4","category-i5","category-portada","tag-descoberta","tag-entorn","tag-natura","tag-sortides"],"post_mailing_queue_ids":[],"_links":{"self":[{"href":"https:\/\/agora.xtec.cat\/escola-solivent\/wp-json\/wp\/v2\/posts\/2298","targetHints":{"allow":["GET"]}}],"collection":[{"href":"https:\/\/agora.xtec.cat\/escola-solivent\/wp-json\/wp\/v2\/posts"}],"about":[{"href":"https:\/\/agora.xtec.cat\/escola-solivent\/wp-json\/wp\/v2\/types\/post"}],"author":[{"embeddable":true,"href":"https:\/\/agora.xtec.cat\/escola-solivent\/wp-json\/wp\/v2\/users\/1"}],"replies":[{"embeddable":true,"href":"https:\/\/agora.xtec.cat\/escola-solivent\/wp-json\/wp\/v2\/comments?post=2298"}],"version-history":[{"count":1,"href":"https:\/\/agora.xtec.cat\/escola-solivent\/wp-json\/wp\/v2\/posts\/2298\/revisions"}],"predecessor-version":[{"id":2300,"href":"https:\/\/agora.xtec.cat\/escola-solivent\/wp-json\/wp\/v2\/posts\/2298\/revisions\/2300"}],"wp:featuredmedia":[{"embeddable":true,"href":"https:\/\/agora.xtec.cat\/escola-solivent\/wp-json\/wp\/v2\/media\/2299"}],"wp:attachment":[{"href":"https:\/\/agora.xtec.cat\/escola-solivent\/wp-json\/wp\/v2\/media?parent=2298"}],"wp:term":[{"taxonomy":"category","embeddable":true,"href":"https:\/\/agora.xtec.cat\/escola-solivent\/wp-json\/wp\/v2\/categories?post=2298"},{"taxonomy":"post_tag","embeddable":true,"href":"https:\/\/agora.xtec.cat\/escola-solivent\/wp-json\/wp\/v2\/tags?post=2298"}],"curies":[{"name":"wp","href":"https:\/\/api.w.org\/{rel}","templated":true}]}}