{"id":2223,"date":"2019-04-29T16:12:52","date_gmt":"2019-04-29T14:12:52","guid":{"rendered":"http:\/\/agora.xtec.cat\/escola-solivent\/?p=2223"},"modified":"2019-04-29T16:19:08","modified_gmt":"2019-04-29T14:19:08","slug":"p3-plantem-menta","status":"publish","type":"post","link":"https:\/\/agora.xtec.cat\/escola-solivent\/general\/p3-plantem-menta\/","title":{"rendered":"P3 plantem menta"},"content":{"rendered":"<p>P-3 V\u00c0REM PLANTAR LA MENTA EN EL CRESTALL DE LES PLANTES AROM\u00c0TIQUES. TAMB\u00c9 V\u00c0REM ANAR A VEURE SI ELS ALLS HAVIEN CRESCUT I TREIEREM LES HERBES. APROFIT\u00c0REM QUE FEIA BON DIA PER ESMORZAR<\/p>\n<p>Cliqueu damunt la imatge i podreu veure les fotos<\/p>\n<p><a href=\"https:\/\/photos.app.goo.gl\/y72fAuPgZiVsHBjXA\"><img loading=\"lazy\" decoding=\"async\" class=\"aligncenter size-medium wp-image-2224\" src=\"https:\/\/agora.xtec.cat\/escola-solivent\/wp-content\/uploads\/usu1558\/2019\/04\/DSC08474-300x200.jpg\" alt=\"\" width=\"300\" height=\"200\" srcset=\"https:\/\/agora.xtec.cat\/escola-solivent\/wp-content\/uploads\/usu1558\/2019\/04\/DSC08474-300x200.jpg 300w, https:\/\/agora.xtec.cat\/escola-solivent\/wp-content\/uploads\/usu1558\/2019\/04\/DSC08474-768x512.jpg 768w, https:\/\/agora.xtec.cat\/escola-solivent\/wp-content\/uploads\/usu1558\/2019\/04\/DSC08474-1024x683.jpg 1024w\" sizes=\"auto, (max-width: 300px) 100vw, 300px\" \/><\/a><\/p>\n","protected":false},"excerpt":{"rendered":"<p>P-3 V\u00c0REM PLANTAR LA MENTA EN EL CRESTALL DE LES PLANTES AROM\u00c0TIQUES. TAMB\u00c9 V\u00c0REM ANAR A VEURE SI ELS ALLS HAVIEN CRESCUT I TREIEREM LES HERBES. APROFIT\u00c0REM QUE FEIA BON DIA PER ESMORZAR<br \/>\nCliqueu damunt la imatge i podreu veure les fotos<br \/>\n<a href=\"https:\/\/photos.app.goo.gl\/y72fAuPgZiVsHBjXA\"><\/a><\/p>\n","protected":false},"author":1,"featured_media":2224,"comment_status":"open","ping_status":"closed","sticky":false,"template":"","format":"standard","meta":{"_bbp_topic_count":0,"_bbp_reply_count":0,"_bbp_total_topic_count":0,"_bbp_total_reply_count":0,"_bbp_voice_count":0,"_bbp_anonymous_reply_count":0,"_bbp_topic_count_hidden":0,"_bbp_reply_count_hidden":0,"_bbp_forum_subforum_count":0,"footnotes":""},"categories":[1,2,3,4],"tags":[87,57,133],"class_list":["post-2223","post","type-post","status-publish","format-standard","has-post-thumbnail","hentry","category-general","category-infantil","category-i3","category-portada","tag-entorn","tag-hort","tag-plantes"],"post_mailing_queue_ids":[],"_links":{"self":[{"href":"https:\/\/agora.xtec.cat\/escola-solivent\/wp-json\/wp\/v2\/posts\/2223","targetHints":{"allow":["GET"]}}],"collection":[{"href":"https:\/\/agora.xtec.cat\/escola-solivent\/wp-json\/wp\/v2\/posts"}],"about":[{"href":"https:\/\/agora.xtec.cat\/escola-solivent\/wp-json\/wp\/v2\/types\/post"}],"author":[{"embeddable":true,"href":"https:\/\/agora.xtec.cat\/escola-solivent\/wp-json\/wp\/v2\/users\/1"}],"replies":[{"embeddable":true,"href":"https:\/\/agora.xtec.cat\/escola-solivent\/wp-json\/wp\/v2\/comments?post=2223"}],"version-history":[{"count":2,"href":"https:\/\/agora.xtec.cat\/escola-solivent\/wp-json\/wp\/v2\/posts\/2223\/revisions"}],"predecessor-version":[{"id":2229,"href":"https:\/\/agora.xtec.cat\/escola-solivent\/wp-json\/wp\/v2\/posts\/2223\/revisions\/2229"}],"wp:featuredmedia":[{"embeddable":true,"href":"https:\/\/agora.xtec.cat\/escola-solivent\/wp-json\/wp\/v2\/media\/2224"}],"wp:attachment":[{"href":"https:\/\/agora.xtec.cat\/escola-solivent\/wp-json\/wp\/v2\/media?parent=2223"}],"wp:term":[{"taxonomy":"category","embeddable":true,"href":"https:\/\/agora.xtec.cat\/escola-solivent\/wp-json\/wp\/v2\/categories?post=2223"},{"taxonomy":"post_tag","embeddable":true,"href":"https:\/\/agora.xtec.cat\/escola-solivent\/wp-json\/wp\/v2\/tags?post=2223"}],"curies":[{"name":"wp","href":"https:\/\/api.w.org\/{rel}","templated":true}]}}