{"id":2220,"date":"2019-04-29T16:08:17","date_gmt":"2019-04-29T14:08:17","guid":{"rendered":"http:\/\/agora.xtec.cat\/escola-solivent\/?p=2220"},"modified":"2019-04-29T16:19:34","modified_gmt":"2019-04-29T14:19:34","slug":"els-bombers-visiten-ed-infantil","status":"publish","type":"post","link":"https:\/\/agora.xtec.cat\/escola-solivent\/general\/els-bombers-visiten-ed-infantil\/","title":{"rendered":"Els bombers visiten Ed. Infantil"},"content":{"rendered":"<p><strong>HEM TINGUT UNA VISITA MOLT ESPECIAL!!! ELS BOMBERS HAN VINGUT A VEURE\u2019NS AMB EL SEU CAMI\u00d3. L\u2019HAN ENTRAT AL NOSTRE PATI. PRIMER ENS HAN EXPLICAT COM AN\u00c0VEN VESTITS I QUINA ERA LA SEVA FEINA, TAMB\u00c9 ENS HAN PASSAT UN VIDEO DE QU\u00c8 HEM DE FER QUAN HI HA UNA EMERG\u00c8NCIA. PER ACABAR, HEM SORTIT EL PATI A VEURE EL CAMI\u00d3 I LES SEVES EINES. HEM POGUT PUJAR EL CAMI\u00d3 I TOCAR LA SIRENA I EL M\u00c9S DIVERTIT DE TOT HA SIGUT TIRAR AIGUA AMB LA M\u00c0NEGA. ENS HO HEM PASSAT GENIAL!!!<\/strong><\/p>\n<p><strong>GR\u00c0CIES PER VENIR!!!<\/strong><\/p>\n<p>Cliqueu damunt la imatge i podreu veure les fotos.<\/p>\n<p><a href=\"https:\/\/photos.app.goo.gl\/KXpUVctc5Dnvfj1w9\"><img loading=\"lazy\" decoding=\"async\" class=\"aligncenter size-medium wp-image-2221\" src=\"https:\/\/agora.xtec.cat\/escola-solivent\/wp-content\/uploads\/usu1558\/2019\/04\/DSC08811-300x188.jpg\" alt=\"\" width=\"300\" height=\"188\" srcset=\"https:\/\/agora.xtec.cat\/escola-solivent\/wp-content\/uploads\/usu1558\/2019\/04\/DSC08811-300x188.jpg 300w, https:\/\/agora.xtec.cat\/escola-solivent\/wp-content\/uploads\/usu1558\/2019\/04\/DSC08811-768x482.jpg 768w, https:\/\/agora.xtec.cat\/escola-solivent\/wp-content\/uploads\/usu1558\/2019\/04\/DSC08811-1024x642.jpg 1024w\" sizes=\"auto, (max-width: 300px) 100vw, 300px\" \/><\/a><\/p>\n","protected":false},"excerpt":{"rendered":"<p>HEM TINGUT UNA VISITA MOLT ESPECIAL!!! ELS BOMBERS HAN VINGUT A VEURE\u2019NS AMB EL SEU CAMI\u00d3. L\u2019HAN ENTRAT AL NOSTRE PATI. PRIMER ENS HAN EXPLICAT COM AN\u00c0VEN VESTITS I QUINA ERA LA SEVA FEINA, TAMB\u00c9 ENS HAN PASSAT UN VIDEO DE QU\u00c8 HEM DE FER&hellip;  <a href=\"https:\/\/agora.xtec.cat\/escola-solivent\/general\/els-bombers-visiten-ed-infantil\/\" title=\"Read Els bombers visiten Ed. Infantil\">Llegeix m\u00e9s\u00bb<\/a><\/p>\n","protected":false},"author":1,"featured_media":2221,"comment_status":"open","ping_status":"closed","sticky":false,"template":"","format":"standard","meta":{"_bbp_topic_count":0,"_bbp_reply_count":0,"_bbp_total_topic_count":0,"_bbp_total_reply_count":0,"_bbp_voice_count":0,"_bbp_anonymous_reply_count":0,"_bbp_topic_count_hidden":0,"_bbp_reply_count_hidden":0,"_bbp_forum_subforum_count":0,"footnotes":""},"categories":[1,2,3,8,9,4],"tags":[],"class_list":["post-2220","post","type-post","status-publish","format-standard","has-post-thumbnail","hentry","category-general","category-infantil","category-i3","category-i4","category-i5","category-portada"],"post_mailing_queue_ids":[],"_links":{"self":[{"href":"https:\/\/agora.xtec.cat\/escola-solivent\/wp-json\/wp\/v2\/posts\/2220","targetHints":{"allow":["GET"]}}],"collection":[{"href":"https:\/\/agora.xtec.cat\/escola-solivent\/wp-json\/wp\/v2\/posts"}],"about":[{"href":"https:\/\/agora.xtec.cat\/escola-solivent\/wp-json\/wp\/v2\/types\/post"}],"author":[{"embeddable":true,"href":"https:\/\/agora.xtec.cat\/escola-solivent\/wp-json\/wp\/v2\/users\/1"}],"replies":[{"embeddable":true,"href":"https:\/\/agora.xtec.cat\/escola-solivent\/wp-json\/wp\/v2\/comments?post=2220"}],"version-history":[{"count":2,"href":"https:\/\/agora.xtec.cat\/escola-solivent\/wp-json\/wp\/v2\/posts\/2220\/revisions"}],"predecessor-version":[{"id":2230,"href":"https:\/\/agora.xtec.cat\/escola-solivent\/wp-json\/wp\/v2\/posts\/2220\/revisions\/2230"}],"wp:featuredmedia":[{"embeddable":true,"href":"https:\/\/agora.xtec.cat\/escola-solivent\/wp-json\/wp\/v2\/media\/2221"}],"wp:attachment":[{"href":"https:\/\/agora.xtec.cat\/escola-solivent\/wp-json\/wp\/v2\/media?parent=2220"}],"wp:term":[{"taxonomy":"category","embeddable":true,"href":"https:\/\/agora.xtec.cat\/escola-solivent\/wp-json\/wp\/v2\/categories?post=2220"},{"taxonomy":"post_tag","embeddable":true,"href":"https:\/\/agora.xtec.cat\/escola-solivent\/wp-json\/wp\/v2\/tags?post=2220"}],"curies":[{"name":"wp","href":"https:\/\/api.w.org\/{rel}","templated":true}]}}