{"id":2200,"date":"2019-04-08T16:20:25","date_gmt":"2019-04-08T14:20:25","guid":{"rendered":"http:\/\/agora.xtec.cat\/escola-solivent\/?p=2200"},"modified":"2019-06-16T20:16:13","modified_gmt":"2019-06-16T18:16:13","slug":"a-tercer-plantem-melissa","status":"publish","type":"post","link":"https:\/\/agora.xtec.cat\/escola-solivent\/general\/a-tercer-plantem-melissa\/","title":{"rendered":"A tercer plantem melissa"},"content":{"rendered":"<p>La planta arom\u00e0tica que ens toca cuidar a la classe de tercer \u00e9s la melissa.<\/p>\n<p>Per aix\u00f2 hem baixat a l&#8217;hort a plantar-ne.<\/p>\n<p>Primer l&#8217;hem observat i dibuixat. Despr\u00e9s l&#8217;hem plantat.<\/p>\n<p>Ara ser\u00e0 q\u00fcesti\u00f3 d&#8217;anar-la cuidant per tal de poder-la veure cr\u00e9ixer i florir!<\/p>\n<p><iframe loading=\"lazy\" src=\"\/\/www.youtube.com\/embed\/RrHhhH-VdmE\" width=\"560\" height=\"314\" allowfullscreen=\"allowfullscreen\"><\/iframe><\/p>\n<p>&nbsp;<\/p>\n","protected":false},"excerpt":{"rendered":"<p>La planta arom\u00e0tica que ens toca cuidar a la classe de tercer \u00e9s la melissa.<br \/>\nPer aix\u00f2 hem baixat a l&#8217;hort a plantar-ne.<br \/>\nPrimer l&#8217;hem observat i dibuixat. Despr\u00e9s l&#8217;hem plantat.<br \/>\nAra ser\u00e0 q\u00fcesti\u00f3 d&#8217;anar-la cuidant per tal de poder-la veure cr\u00e9ixer i florir!<\/p>\n<p>&nbsp;<\/p>\n","protected":false},"author":1,"featured_media":2353,"comment_status":"open","ping_status":"closed","sticky":false,"template":"","format":"standard","meta":{"_bbp_topic_count":0,"_bbp_reply_count":0,"_bbp_total_topic_count":0,"_bbp_total_reply_count":0,"_bbp_voice_count":0,"_bbp_anonymous_reply_count":0,"_bbp_topic_count_hidden":0,"_bbp_reply_count_hidden":0,"_bbp_forum_subforum_count":0,"footnotes":""},"categories":[12,1,4,5],"tags":[57,17],"class_list":["post-2200","post","type-post","status-publish","format-standard","has-post-thumbnail","hentry","category-3r","category-general","category-portada","category-primaria","tag-hort","tag-plastica"],"post_mailing_queue_ids":[],"_links":{"self":[{"href":"https:\/\/agora.xtec.cat\/escola-solivent\/wp-json\/wp\/v2\/posts\/2200","targetHints":{"allow":["GET"]}}],"collection":[{"href":"https:\/\/agora.xtec.cat\/escola-solivent\/wp-json\/wp\/v2\/posts"}],"about":[{"href":"https:\/\/agora.xtec.cat\/escola-solivent\/wp-json\/wp\/v2\/types\/post"}],"author":[{"embeddable":true,"href":"https:\/\/agora.xtec.cat\/escola-solivent\/wp-json\/wp\/v2\/users\/1"}],"replies":[{"embeddable":true,"href":"https:\/\/agora.xtec.cat\/escola-solivent\/wp-json\/wp\/v2\/comments?post=2200"}],"version-history":[{"count":2,"href":"https:\/\/agora.xtec.cat\/escola-solivent\/wp-json\/wp\/v2\/posts\/2200\/revisions"}],"predecessor-version":[{"id":2205,"href":"https:\/\/agora.xtec.cat\/escola-solivent\/wp-json\/wp\/v2\/posts\/2200\/revisions\/2205"}],"wp:featuredmedia":[{"embeddable":true,"href":"https:\/\/agora.xtec.cat\/escola-solivent\/wp-json\/wp\/v2\/media\/2353"}],"wp:attachment":[{"href":"https:\/\/agora.xtec.cat\/escola-solivent\/wp-json\/wp\/v2\/media?parent=2200"}],"wp:term":[{"taxonomy":"category","embeddable":true,"href":"https:\/\/agora.xtec.cat\/escola-solivent\/wp-json\/wp\/v2\/categories?post=2200"},{"taxonomy":"post_tag","embeddable":true,"href":"https:\/\/agora.xtec.cat\/escola-solivent\/wp-json\/wp\/v2\/tags?post=2200"}],"curies":[{"name":"wp","href":"https:\/\/api.w.org\/{rel}","templated":true}]}}