{"id":2141,"date":"2019-03-25T16:01:50","date_gmt":"2019-03-25T15:01:50","guid":{"rendered":"http:\/\/agora.xtec.cat\/escola-solivent\/?p=2141"},"modified":"2019-03-25T16:02:30","modified_gmt":"2019-03-25T15:02:30","slug":"participacio-en-concursos","status":"publish","type":"post","link":"https:\/\/agora.xtec.cat\/escola-solivent\/general\/participacio-en-concursos\/","title":{"rendered":"Participaci\u00f3 en concursos"},"content":{"rendered":"<p>Una petita representaci\u00f3 d\u2019alumnes de l\u2019escola Sol i Vent ha assistit al <strong>40\u00e8 CONCURS PER A LA JOVENTUT DE L\u2019ALT EMPORD\u00c0. Aquest consistia <\/strong>en recitar un poema de tema lliure.<\/p>\n<p><strong>Aquest any s\u2019han celebrat, tamb\u00e9, els Premis de Narrativa Period\u00edstica Di\u00e0legs d&#8217;Educaci\u00f3<\/strong>, una convocat\u00f2ria que motiva l&#8217;alumnat de 6\u00e8 de la comarca a expressar-se sobre el paper. De l\u2019escola Sol i Vent hi va assistir la Judit Oriol.<\/p>\n<p><a href=\"https:\/\/photos.app.goo.gl\/Ssx9t2FncE4sL7dEA\">Mireu<\/a> les imatges.<\/p>\n","protected":false},"excerpt":{"rendered":"<p>Una petita representaci\u00f3 d\u2019alumnes de l\u2019escola Sol i Vent ha assistit al 40\u00e8 CONCURS PER A LA JOVENTUT DE L\u2019ALT EMPORD\u00c0. Aquest consistia en recitar un poema de tema lliure.<br \/>\nAquest any s\u2019han celebrat, tamb\u00e9, els Premis de Narrativa Period\u00edstica Di\u00e0legs d&#8217;Educaci\u00f3, una convocat\u00f2ria que motiva&hellip;  <a href=\"https:\/\/agora.xtec.cat\/escola-solivent\/general\/participacio-en-concursos\/\" title=\"Read Participaci\u00f3 en concursos\">Llegeix m\u00e9s\u00bb<\/a><\/p>\n","protected":false},"author":1,"featured_media":2142,"comment_status":"open","ping_status":"closed","sticky":false,"template":"","format":"standard","meta":{"_bbp_topic_count":0,"_bbp_reply_count":0,"_bbp_total_topic_count":0,"_bbp_total_reply_count":0,"_bbp_voice_count":0,"_bbp_anonymous_reply_count":0,"_bbp_topic_count_hidden":0,"_bbp_reply_count_hidden":0,"_bbp_forum_subforum_count":0,"footnotes":""},"categories":[10,15,1,4,5],"tags":[105],"class_list":["post-2141","post","type-post","status-publish","format-standard","has-post-thumbnail","hentry","category-1r","category-6e","category-general","category-portada","category-primaria","tag-concursos"],"post_mailing_queue_ids":[],"_links":{"self":[{"href":"https:\/\/agora.xtec.cat\/escola-solivent\/wp-json\/wp\/v2\/posts\/2141","targetHints":{"allow":["GET"]}}],"collection":[{"href":"https:\/\/agora.xtec.cat\/escola-solivent\/wp-json\/wp\/v2\/posts"}],"about":[{"href":"https:\/\/agora.xtec.cat\/escola-solivent\/wp-json\/wp\/v2\/types\/post"}],"author":[{"embeddable":true,"href":"https:\/\/agora.xtec.cat\/escola-solivent\/wp-json\/wp\/v2\/users\/1"}],"replies":[{"embeddable":true,"href":"https:\/\/agora.xtec.cat\/escola-solivent\/wp-json\/wp\/v2\/comments?post=2141"}],"version-history":[{"count":1,"href":"https:\/\/agora.xtec.cat\/escola-solivent\/wp-json\/wp\/v2\/posts\/2141\/revisions"}],"predecessor-version":[{"id":2143,"href":"https:\/\/agora.xtec.cat\/escola-solivent\/wp-json\/wp\/v2\/posts\/2141\/revisions\/2143"}],"wp:featuredmedia":[{"embeddable":true,"href":"https:\/\/agora.xtec.cat\/escola-solivent\/wp-json\/wp\/v2\/media\/2142"}],"wp:attachment":[{"href":"https:\/\/agora.xtec.cat\/escola-solivent\/wp-json\/wp\/v2\/media?parent=2141"}],"wp:term":[{"taxonomy":"category","embeddable":true,"href":"https:\/\/agora.xtec.cat\/escola-solivent\/wp-json\/wp\/v2\/categories?post=2141"},{"taxonomy":"post_tag","embeddable":true,"href":"https:\/\/agora.xtec.cat\/escola-solivent\/wp-json\/wp\/v2\/tags?post=2141"}],"curies":[{"name":"wp","href":"https:\/\/api.w.org\/{rel}","templated":true}]}}