{"id":2121,"date":"2019-03-18T19:41:32","date_gmt":"2019-03-18T18:41:32","guid":{"rendered":"http:\/\/agora.xtec.cat\/escola-solivent\/?p=2121"},"modified":"2019-03-18T19:41:32","modified_gmt":"2019-03-18T18:41:32","slug":"la-discriminacion","status":"publish","type":"post","link":"https:\/\/agora.xtec.cat\/escola-solivent\/general\/la-discriminacion\/","title":{"rendered":"La discriminaci\u00f3n"},"content":{"rendered":"<p>Els alumnes de 4t a l&#8217;hora de llengua castellana hem treballat en equip, en grups cooperatius.<\/p>\n<p>Hem buscat informaci\u00f3 sobre la discrimnaci\u00f3 i durant dues setmanes hem resumit, sintetitzat i realitzat els cartells.<\/p>\n<p>Tots som un a mica m\u00e9s conscients del que \u00e9s la discriminaci\u00f3 i del que podem fer al respecte per a millorar.<\/p>\n<p><a href=\"https:\/\/photos.app.goo.gl\/xXG4D22wzBWm5yeR6\">Mireu<\/a> com ens ha quedat!<\/p>\n","protected":false},"excerpt":{"rendered":"<p>Els alumnes de 4t a l&#8217;hora de llengua castellana hem treballat en equip, en grups cooperatius.<br \/>\nHem buscat informaci\u00f3 sobre la discrimnaci\u00f3 i durant dues setmanes hem resumit, sintetitzat i realitzat els cartells.<br \/>\nTots som un a mica m\u00e9s conscients del que \u00e9s la discriminaci\u00f3 i del&hellip;  <a href=\"https:\/\/agora.xtec.cat\/escola-solivent\/general\/la-discriminacion\/\" title=\"Read La discriminaci\u00f3n\">Llegeix m\u00e9s\u00bb<\/a><\/p>\n","protected":false},"author":1,"featured_media":2128,"comment_status":"open","ping_status":"closed","sticky":false,"template":"","format":"standard","meta":{"_bbp_topic_count":0,"_bbp_reply_count":0,"_bbp_total_topic_count":0,"_bbp_total_reply_count":0,"_bbp_voice_count":0,"_bbp_anonymous_reply_count":0,"_bbp_topic_count_hidden":0,"_bbp_reply_count_hidden":0,"_bbp_forum_subforum_count":0,"footnotes":""},"categories":[13,1,4,5],"tags":[63,103],"class_list":["post-2121","post","type-post","status-publish","format-standard","has-post-thumbnail","hentry","category-4t","category-general","category-portada","category-primaria","tag-expressio-escrita","tag-expressio-oral"],"post_mailing_queue_ids":[],"_links":{"self":[{"href":"https:\/\/agora.xtec.cat\/escola-solivent\/wp-json\/wp\/v2\/posts\/2121","targetHints":{"allow":["GET"]}}],"collection":[{"href":"https:\/\/agora.xtec.cat\/escola-solivent\/wp-json\/wp\/v2\/posts"}],"about":[{"href":"https:\/\/agora.xtec.cat\/escola-solivent\/wp-json\/wp\/v2\/types\/post"}],"author":[{"embeddable":true,"href":"https:\/\/agora.xtec.cat\/escola-solivent\/wp-json\/wp\/v2\/users\/1"}],"replies":[{"embeddable":true,"href":"https:\/\/agora.xtec.cat\/escola-solivent\/wp-json\/wp\/v2\/comments?post=2121"}],"version-history":[{"count":3,"href":"https:\/\/agora.xtec.cat\/escola-solivent\/wp-json\/wp\/v2\/posts\/2121\/revisions"}],"predecessor-version":[{"id":2127,"href":"https:\/\/agora.xtec.cat\/escola-solivent\/wp-json\/wp\/v2\/posts\/2121\/revisions\/2127"}],"wp:featuredmedia":[{"embeddable":true,"href":"https:\/\/agora.xtec.cat\/escola-solivent\/wp-json\/wp\/v2\/media\/2128"}],"wp:attachment":[{"href":"https:\/\/agora.xtec.cat\/escola-solivent\/wp-json\/wp\/v2\/media?parent=2121"}],"wp:term":[{"taxonomy":"category","embeddable":true,"href":"https:\/\/agora.xtec.cat\/escola-solivent\/wp-json\/wp\/v2\/categories?post=2121"},{"taxonomy":"post_tag","embeddable":true,"href":"https:\/\/agora.xtec.cat\/escola-solivent\/wp-json\/wp\/v2\/tags?post=2121"}],"curies":[{"name":"wp","href":"https:\/\/api.w.org\/{rel}","templated":true}]}}