{"id":2102,"date":"2019-03-07T14:10:40","date_gmt":"2019-03-07T13:10:40","guid":{"rendered":"http:\/\/agora.xtec.cat\/escola-solivent\/?p=2102"},"modified":"2019-03-07T14:10:40","modified_gmt":"2019-03-07T13:10:40","slug":"ed-infantil-va-dexcursio-a-torroella","status":"publish","type":"post","link":"https:\/\/agora.xtec.cat\/escola-solivent\/general\/ed-infantil-va-dexcursio-a-torroella\/","title":{"rendered":"Ed infantil va d&#8217;excursi\u00f3 a Torroella"},"content":{"rendered":"<p>El divendres 15 de febrer, els alumnes de P3, P4 i P5 v\u00e0rem anar d\u2019excursi\u00f3 a Torroella de Montgr\u00ed. El mat\u00ed v\u00e0rem anar al museu de la Mediterr\u00e0nia, els nens i nenes de P3 v\u00e0rem visitar el museu i descobrir els sons de la Mediterr\u00e0nia i els nens i nenes de P4 i P5 v\u00e0rem fer el taller de pizza on v\u00e0rem manipular i experimentar ingredients i elaborar una pizza. A la tarda v\u00e0rem anar a l\u2019Espai Ter a veure l\u2019Obra de teatre \u201cel Petit Dal\u00ed\u201d. Ens ho v\u00e0rem passar molt b\u00e9!!Un dia ple d\u2019aventures.<\/p>\n<p><a href=\"https:\/\/photos.app.goo.gl\/7AftY18LdjxKfRMd8\">Mireu<\/a>&#8230;<\/p>\n","protected":false},"excerpt":{"rendered":"<p>El divendres 15 de febrer, els alumnes de P3, P4 i P5 v\u00e0rem anar d\u2019excursi\u00f3 a Torroella de Montgr\u00ed. El mat\u00ed v\u00e0rem anar al museu de la Mediterr\u00e0nia, els nens i nenes de P3 v\u00e0rem visitar el museu i descobrir els sons de la Mediterr\u00e0nia&hellip;  <a href=\"https:\/\/agora.xtec.cat\/escola-solivent\/general\/ed-infantil-va-dexcursio-a-torroella\/\" title=\"Read Ed infantil va d&#8217;excursi\u00f3 a Torroella\">Llegeix m\u00e9s\u00bb<\/a><\/p>\n","protected":false},"author":1,"featured_media":2103,"comment_status":"open","ping_status":"closed","sticky":false,"template":"","format":"standard","meta":{"_bbp_topic_count":0,"_bbp_reply_count":0,"_bbp_total_topic_count":0,"_bbp_total_reply_count":0,"_bbp_voice_count":0,"_bbp_anonymous_reply_count":0,"_bbp_topic_count_hidden":0,"_bbp_reply_count_hidden":0,"_bbp_forum_subforum_count":0,"footnotes":""},"categories":[1,2,3,8,9,4],"tags":[16,107,126],"class_list":["post-2102","post","type-post","status-publish","format-standard","has-post-thumbnail","hentry","category-general","category-infantil","category-i3","category-i4","category-i5","category-portada","tag-sortides","tag-tallers","tag-teatre"],"post_mailing_queue_ids":[],"_links":{"self":[{"href":"https:\/\/agora.xtec.cat\/escola-solivent\/wp-json\/wp\/v2\/posts\/2102","targetHints":{"allow":["GET"]}}],"collection":[{"href":"https:\/\/agora.xtec.cat\/escola-solivent\/wp-json\/wp\/v2\/posts"}],"about":[{"href":"https:\/\/agora.xtec.cat\/escola-solivent\/wp-json\/wp\/v2\/types\/post"}],"author":[{"embeddable":true,"href":"https:\/\/agora.xtec.cat\/escola-solivent\/wp-json\/wp\/v2\/users\/1"}],"replies":[{"embeddable":true,"href":"https:\/\/agora.xtec.cat\/escola-solivent\/wp-json\/wp\/v2\/comments?post=2102"}],"version-history":[{"count":1,"href":"https:\/\/agora.xtec.cat\/escola-solivent\/wp-json\/wp\/v2\/posts\/2102\/revisions"}],"predecessor-version":[{"id":2104,"href":"https:\/\/agora.xtec.cat\/escola-solivent\/wp-json\/wp\/v2\/posts\/2102\/revisions\/2104"}],"wp:featuredmedia":[{"embeddable":true,"href":"https:\/\/agora.xtec.cat\/escola-solivent\/wp-json\/wp\/v2\/media\/2103"}],"wp:attachment":[{"href":"https:\/\/agora.xtec.cat\/escola-solivent\/wp-json\/wp\/v2\/media?parent=2102"}],"wp:term":[{"taxonomy":"category","embeddable":true,"href":"https:\/\/agora.xtec.cat\/escola-solivent\/wp-json\/wp\/v2\/categories?post=2102"},{"taxonomy":"post_tag","embeddable":true,"href":"https:\/\/agora.xtec.cat\/escola-solivent\/wp-json\/wp\/v2\/tags?post=2102"}],"curies":[{"name":"wp","href":"https:\/\/api.w.org\/{rel}","templated":true}]}}