{"id":2065,"date":"2019-02-26T22:08:16","date_gmt":"2019-02-26T21:08:16","guid":{"rendered":"http:\/\/agora.xtec.cat\/escola-solivent\/?p=2065"},"modified":"2019-02-26T22:08:16","modified_gmt":"2019-02-26T21:08:16","slug":"anem-amb-espardenyes","status":"publish","type":"post","link":"https:\/\/agora.xtec.cat\/escola-solivent\/general\/anem-amb-espardenyes\/","title":{"rendered":"Anem amb espardenyes"},"content":{"rendered":"<p>Per avui dimarts, el rei Carnestoltes ens ha donat aquesta ordre:<\/p>\n<p>La roba al rev\u00e9s i espardenyes lluir\u00e0s i molt b\u00e9 t&#8217;ho passar\u00e0s.<\/p>\n<p>I aix\u00ed ho hem fet!!!<\/p>\n<p><iframe loading=\"lazy\" src=\"\/\/www.youtube.com\/embed\/dT9_qwyJhvc\" width=\"560\" height=\"314\" allowfullscreen=\"allowfullscreen\"><\/iframe><\/p>\n","protected":false},"excerpt":{"rendered":"<p>Per avui dimarts, el rei Carnestoltes ens ha donat aquesta ordre:<br \/>\nLa roba al rev\u00e9s i espardenyes lluir\u00e0s i molt b\u00e9 t&#8217;ho passar\u00e0s.<br \/>\nI aix\u00ed ho hem fet!!!<\/p>\n","protected":false},"author":1,"featured_media":2067,"comment_status":"open","ping_status":"closed","sticky":false,"template":"","format":"standard","meta":{"_bbp_topic_count":0,"_bbp_reply_count":0,"_bbp_total_topic_count":0,"_bbp_total_reply_count":0,"_bbp_voice_count":0,"_bbp_anonymous_reply_count":0,"_bbp_topic_count_hidden":0,"_bbp_reply_count_hidden":0,"_bbp_forum_subforum_count":0,"footnotes":""},"categories":[10,11,12,13,14,15,1,4,5],"tags":[73,56,68],"class_list":["post-2065","post","type-post","status-publish","format-standard","has-post-thumbnail","hentry","category-1r","category-2n","category-3r","category-4t","category-5e","category-6e","category-general","category-portada","category-primaria","tag-carnaval","tag-festes","tag-tradicions"],"post_mailing_queue_ids":[],"_links":{"self":[{"href":"https:\/\/agora.xtec.cat\/escola-solivent\/wp-json\/wp\/v2\/posts\/2065","targetHints":{"allow":["GET"]}}],"collection":[{"href":"https:\/\/agora.xtec.cat\/escola-solivent\/wp-json\/wp\/v2\/posts"}],"about":[{"href":"https:\/\/agora.xtec.cat\/escola-solivent\/wp-json\/wp\/v2\/types\/post"}],"author":[{"embeddable":true,"href":"https:\/\/agora.xtec.cat\/escola-solivent\/wp-json\/wp\/v2\/users\/1"}],"replies":[{"embeddable":true,"href":"https:\/\/agora.xtec.cat\/escola-solivent\/wp-json\/wp\/v2\/comments?post=2065"}],"version-history":[{"count":1,"href":"https:\/\/agora.xtec.cat\/escola-solivent\/wp-json\/wp\/v2\/posts\/2065\/revisions"}],"predecessor-version":[{"id":2066,"href":"https:\/\/agora.xtec.cat\/escola-solivent\/wp-json\/wp\/v2\/posts\/2065\/revisions\/2066"}],"wp:featuredmedia":[{"embeddable":true,"href":"https:\/\/agora.xtec.cat\/escola-solivent\/wp-json\/wp\/v2\/media\/2067"}],"wp:attachment":[{"href":"https:\/\/agora.xtec.cat\/escola-solivent\/wp-json\/wp\/v2\/media?parent=2065"}],"wp:term":[{"taxonomy":"category","embeddable":true,"href":"https:\/\/agora.xtec.cat\/escola-solivent\/wp-json\/wp\/v2\/categories?post=2065"},{"taxonomy":"post_tag","embeddable":true,"href":"https:\/\/agora.xtec.cat\/escola-solivent\/wp-json\/wp\/v2\/tags?post=2065"}],"curies":[{"name":"wp","href":"https:\/\/api.w.org\/{rel}","templated":true}]}}