{"id":2062,"date":"2019-02-26T20:38:04","date_gmt":"2019-02-26T19:38:04","guid":{"rendered":"http:\/\/agora.xtec.cat\/escola-solivent\/?p=2062"},"modified":"2019-02-27T09:18:29","modified_gmt":"2019-02-27T08:18:29","slug":"sortida-dentorn-de-tercer","status":"publish","type":"post","link":"https:\/\/agora.xtec.cat\/escola-solivent\/general\/sortida-dentorn-de-tercer\/","title":{"rendered":"Sortida d&#8217;entorn de tercer"},"content":{"rendered":"<p>Divendres 22 de febrer la classe de tercer vam pujar al tren de la Tecla.<\/p>\n<p>Acompanyats dels agents c\u00edvics i de la gran TGV vam descobrir la hist\u00f2ria de Vilafant i dels diferents racons del nucli hist\u00f2ric del nostre municipi.<\/p>\n<p>Ens acompanyeu en el viatge? Mireu el video&#8230;<\/p>\n<p style=\"text-align: center;\"><iframe loading=\"lazy\" src=\"\/\/www.youtube.com\/embed\/m1qUqSaYgx0\" width=\"560\" height=\"314\" allowfullscreen=\"allowfullscreen\"><\/iframe><\/p>\n<p>&nbsp;<\/p>\n","protected":false},"excerpt":{"rendered":"<p>Divendres 22 de febrer la classe de tercer vam pujar al tren de la Tecla.<br \/>\nAcompanyats dels agents c\u00edvics i de la gran TGV vam descobrir la hist\u00f2ria de Vilafant i dels diferents racons del nucli hist\u00f2ric del nostre municipi.<br \/>\nEns acompanyeu en el viatge? Mireu el&hellip;  <a href=\"https:\/\/agora.xtec.cat\/escola-solivent\/general\/sortida-dentorn-de-tercer\/\" title=\"Read Sortida d&#8217;entorn de tercer\">Llegeix m\u00e9s\u00bb<\/a><\/p>\n","protected":false},"author":1,"featured_media":2063,"comment_status":"open","ping_status":"closed","sticky":false,"template":"","format":"standard","meta":{"_bbp_topic_count":0,"_bbp_reply_count":0,"_bbp_total_topic_count":0,"_bbp_total_reply_count":0,"_bbp_voice_count":0,"_bbp_anonymous_reply_count":0,"_bbp_topic_count_hidden":0,"_bbp_reply_count_hidden":0,"_bbp_forum_subforum_count":0,"footnotes":""},"categories":[12,1,4,5],"tags":[89,87,97,66,16],"class_list":["post-2062","post","type-post","status-publish","format-standard","has-post-thumbnail","hentry","category-3r","category-general","category-portada","category-primaria","tag-descoberta","tag-entorn","tag-medi","tag-projectes","tag-sortides"],"post_mailing_queue_ids":[],"_links":{"self":[{"href":"https:\/\/agora.xtec.cat\/escola-solivent\/wp-json\/wp\/v2\/posts\/2062","targetHints":{"allow":["GET"]}}],"collection":[{"href":"https:\/\/agora.xtec.cat\/escola-solivent\/wp-json\/wp\/v2\/posts"}],"about":[{"href":"https:\/\/agora.xtec.cat\/escola-solivent\/wp-json\/wp\/v2\/types\/post"}],"author":[{"embeddable":true,"href":"https:\/\/agora.xtec.cat\/escola-solivent\/wp-json\/wp\/v2\/users\/1"}],"replies":[{"embeddable":true,"href":"https:\/\/agora.xtec.cat\/escola-solivent\/wp-json\/wp\/v2\/comments?post=2062"}],"version-history":[{"count":1,"href":"https:\/\/agora.xtec.cat\/escola-solivent\/wp-json\/wp\/v2\/posts\/2062\/revisions"}],"predecessor-version":[{"id":2064,"href":"https:\/\/agora.xtec.cat\/escola-solivent\/wp-json\/wp\/v2\/posts\/2062\/revisions\/2064"}],"wp:featuredmedia":[{"embeddable":true,"href":"https:\/\/agora.xtec.cat\/escola-solivent\/wp-json\/wp\/v2\/media\/2063"}],"wp:attachment":[{"href":"https:\/\/agora.xtec.cat\/escola-solivent\/wp-json\/wp\/v2\/media?parent=2062"}],"wp:term":[{"taxonomy":"category","embeddable":true,"href":"https:\/\/agora.xtec.cat\/escola-solivent\/wp-json\/wp\/v2\/categories?post=2062"},{"taxonomy":"post_tag","embeddable":true,"href":"https:\/\/agora.xtec.cat\/escola-solivent\/wp-json\/wp\/v2\/tags?post=2062"}],"curies":[{"name":"wp","href":"https:\/\/api.w.org\/{rel}","templated":true}]}}