{"id":2018,"date":"2019-02-11T12:12:05","date_gmt":"2019-02-11T11:12:05","guid":{"rendered":"http:\/\/agora.xtec.cat\/escola-solivent\/?p=2018"},"modified":"2019-03-28T10:27:03","modified_gmt":"2019-03-28T09:27:03","slug":"a-segon-sembrem-pesols","status":"publish","type":"post","link":"https:\/\/agora.xtec.cat\/escola-solivent\/general\/a-segon-sembrem-pesols\/","title":{"rendered":"A segon sembrem p\u00e8sols"},"content":{"rendered":"<p>Els nens i nenes de la classe de 2n hem anat a l\u2019hort a sembrar p\u00e8sols, l\u2019hortalissa d\u2019hivern que estudiem aquest curs. Hem sortit al mat\u00ed ben abrigats! El Sr. Fernando ens ha fet els recs amb l\u2019aixada i ha marcat els clots. Nosaltres hem sembrat les llavors. Despr\u00e9s, ben tapadetes amb la terra\u2026 Ara les haurem de cuidar i observar com creixen.<\/p>\n<p>Per cert\u2026 n\u2019hem sembrat tamb\u00e9 unes quantes en un test a la classe. Hem fet hip\u00f3tesis per veure quines creixeran m\u00e9s r\u00e0pid!!! Us mantindrem informats&#8230;<a href=\"https:\/\/photos.app.goo.gl\/g8d3RoAeKS7m62Fk6\"> mireu<\/a> les imatges<\/p>\n","protected":false},"excerpt":{"rendered":"<p>Els nens i nenes de la classe de 2n hem anat a l\u2019hort a sembrar p\u00e8sols, l\u2019hortalissa d\u2019hivern que estudiem aquest curs. Hem sortit al mat\u00ed ben abrigats! El Sr. Fernando ens ha fet els recs amb l\u2019aixada i ha marcat els clots. Nosaltres hem&hellip;  <a href=\"https:\/\/agora.xtec.cat\/escola-solivent\/general\/a-segon-sembrem-pesols\/\" title=\"Read A segon sembrem p\u00e8sols\">Llegeix m\u00e9s\u00bb<\/a><\/p>\n","protected":false},"author":1,"featured_media":2147,"comment_status":"open","ping_status":"closed","sticky":false,"template":"","format":"standard","meta":{"_bbp_topic_count":0,"_bbp_reply_count":0,"_bbp_total_topic_count":0,"_bbp_total_reply_count":0,"_bbp_voice_count":0,"_bbp_anonymous_reply_count":0,"_bbp_topic_count_hidden":0,"_bbp_reply_count_hidden":0,"_bbp_forum_subforum_count":0,"footnotes":""},"categories":[11,1,4,5],"tags":[87,57,97],"class_list":["post-2018","post","type-post","status-publish","format-standard","has-post-thumbnail","hentry","category-2n","category-general","category-portada","category-primaria","tag-entorn","tag-hort","tag-medi"],"post_mailing_queue_ids":[],"_links":{"self":[{"href":"https:\/\/agora.xtec.cat\/escola-solivent\/wp-json\/wp\/v2\/posts\/2018","targetHints":{"allow":["GET"]}}],"collection":[{"href":"https:\/\/agora.xtec.cat\/escola-solivent\/wp-json\/wp\/v2\/posts"}],"about":[{"href":"https:\/\/agora.xtec.cat\/escola-solivent\/wp-json\/wp\/v2\/types\/post"}],"author":[{"embeddable":true,"href":"https:\/\/agora.xtec.cat\/escola-solivent\/wp-json\/wp\/v2\/users\/1"}],"replies":[{"embeddable":true,"href":"https:\/\/agora.xtec.cat\/escola-solivent\/wp-json\/wp\/v2\/comments?post=2018"}],"version-history":[{"count":3,"href":"https:\/\/agora.xtec.cat\/escola-solivent\/wp-json\/wp\/v2\/posts\/2018\/revisions"}],"predecessor-version":[{"id":2149,"href":"https:\/\/agora.xtec.cat\/escola-solivent\/wp-json\/wp\/v2\/posts\/2018\/revisions\/2149"}],"wp:featuredmedia":[{"embeddable":true,"href":"https:\/\/agora.xtec.cat\/escola-solivent\/wp-json\/wp\/v2\/media\/2147"}],"wp:attachment":[{"href":"https:\/\/agora.xtec.cat\/escola-solivent\/wp-json\/wp\/v2\/media?parent=2018"}],"wp:term":[{"taxonomy":"category","embeddable":true,"href":"https:\/\/agora.xtec.cat\/escola-solivent\/wp-json\/wp\/v2\/categories?post=2018"},{"taxonomy":"post_tag","embeddable":true,"href":"https:\/\/agora.xtec.cat\/escola-solivent\/wp-json\/wp\/v2\/tags?post=2018"}],"curies":[{"name":"wp","href":"https:\/\/api.w.org\/{rel}","templated":true}]}}