{"id":1991,"date":"2019-01-31T13:06:09","date_gmt":"2019-01-31T12:06:09","guid":{"rendered":"http:\/\/agora.xtec.cat\/escola-solivent\/?p=1991"},"modified":"2019-01-31T13:06:40","modified_gmt":"2019-01-31T12:06:40","slug":"dia-de-la-pau-2","status":"publish","type":"post","link":"https:\/\/agora.xtec.cat\/escola-solivent\/general\/dia-de-la-pau-2\/","title":{"rendered":"Dia de la pau"},"content":{"rendered":"<p>El dimecres 30 de gener vam celebrar el dia de la pau i no viol\u00e8ncia a l&#8217;escola.<\/p>\n<p>Aquest any vam cantar tots junts la can\u00e7\u00f3 <em>La volta al m\u00f3n xiulant<\/em>.<\/p>\n<p>Ens vam trobar al pati i vam agrupar-nos formant un cor ben gran. Tamb\u00e9 vam decorar el hall de l&#8217;escola amb un mural ple de cors amb desitjos. Enguany el Sol i Vent va bategar per la pau.<\/p>\n<p><a href=\"https:\/\/agora.xtec.cat\/escola-solivent\/wp-content\/uploads\/usu1558\/2019\/01\/IMG-20190130-WA0012.jpg\"><img loading=\"lazy\" decoding=\"async\" class=\"aligncenter size-medium wp-image-1992\" src=\"https:\/\/agora.xtec.cat\/escola-solivent\/wp-content\/uploads\/usu1558\/2019\/01\/IMG-20190130-WA0012-300x61.jpg\" alt=\"\" width=\"300\" height=\"61\" srcset=\"https:\/\/agora.xtec.cat\/escola-solivent\/wp-content\/uploads\/usu1558\/2019\/01\/IMG-20190130-WA0012-300x61.jpg 300w, https:\/\/agora.xtec.cat\/escola-solivent\/wp-content\/uploads\/usu1558\/2019\/01\/IMG-20190130-WA0012-768x157.jpg 768w, https:\/\/agora.xtec.cat\/escola-solivent\/wp-content\/uploads\/usu1558\/2019\/01\/IMG-20190130-WA0012-1024x209.jpg 1024w, https:\/\/agora.xtec.cat\/escola-solivent\/wp-content\/uploads\/usu1558\/2019\/01\/IMG-20190130-WA0012.jpg 1366w\" sizes=\"auto, (max-width: 300px) 100vw, 300px\" \/><\/a><a href=\"https:\/\/agora.xtec.cat\/escola-solivent\/wp-content\/uploads\/usu1558\/2019\/01\/IMG-20190130-WA0016.jpg\"><img loading=\"lazy\" decoding=\"async\" class=\"aligncenter size-medium wp-image-1993\" src=\"https:\/\/agora.xtec.cat\/escola-solivent\/wp-content\/uploads\/usu1558\/2019\/01\/IMG-20190130-WA0016-300x225.jpg\" alt=\"\" width=\"300\" height=\"225\" srcset=\"https:\/\/agora.xtec.cat\/escola-solivent\/wp-content\/uploads\/usu1558\/2019\/01\/IMG-20190130-WA0016-300x225.jpg 300w, https:\/\/agora.xtec.cat\/escola-solivent\/wp-content\/uploads\/usu1558\/2019\/01\/IMG-20190130-WA0016-768x576.jpg 768w, https:\/\/agora.xtec.cat\/escola-solivent\/wp-content\/uploads\/usu1558\/2019\/01\/IMG-20190130-WA0016-1024x768.jpg 1024w, https:\/\/agora.xtec.cat\/escola-solivent\/wp-content\/uploads\/usu1558\/2019\/01\/IMG-20190130-WA0016-200x150.jpg 200w, https:\/\/agora.xtec.cat\/escola-solivent\/wp-content\/uploads\/usu1558\/2019\/01\/IMG-20190130-WA0016.jpg 1600w\" sizes=\"auto, (max-width: 300px) 100vw, 300px\" \/><\/a><\/p>\n","protected":false},"excerpt":{"rendered":"<p>El dimecres 30 de gener vam celebrar el dia de la pau i no viol\u00e8ncia a l&#8217;escola.<br \/>\nAquest any vam cantar tots junts la can\u00e7\u00f3 La volta al m\u00f3n xiulant.<br \/>\nEns vam trobar al pati i vam agrupar-nos formant un cor ben gran. Tamb\u00e9 vam decorar el&hellip;  <a href=\"https:\/\/agora.xtec.cat\/escola-solivent\/general\/dia-de-la-pau-2\/\" title=\"Read Dia de la pau\">Llegeix m\u00e9s\u00bb<\/a><\/p>\n","protected":false},"author":1,"featured_media":1992,"comment_status":"open","ping_status":"closed","sticky":false,"template":"","format":"standard","meta":{"_bbp_topic_count":0,"_bbp_reply_count":0,"_bbp_total_topic_count":0,"_bbp_total_reply_count":0,"_bbp_voice_count":0,"_bbp_anonymous_reply_count":0,"_bbp_topic_count_hidden":0,"_bbp_reply_count_hidden":0,"_bbp_forum_subforum_count":0,"footnotes":""},"categories":[10,11,12,13,14,15,1,2,3,8,9,4,5],"tags":[56,125],"class_list":["post-1991","post","type-post","status-publish","format-standard","has-post-thumbnail","hentry","category-1r","category-2n","category-3r","category-4t","category-5e","category-6e","category-general","category-infantil","category-i3","category-i4","category-i5","category-portada","category-primaria","tag-festes","tag-pau"],"post_mailing_queue_ids":[],"_links":{"self":[{"href":"https:\/\/agora.xtec.cat\/escola-solivent\/wp-json\/wp\/v2\/posts\/1991","targetHints":{"allow":["GET"]}}],"collection":[{"href":"https:\/\/agora.xtec.cat\/escola-solivent\/wp-json\/wp\/v2\/posts"}],"about":[{"href":"https:\/\/agora.xtec.cat\/escola-solivent\/wp-json\/wp\/v2\/types\/post"}],"author":[{"embeddable":true,"href":"https:\/\/agora.xtec.cat\/escola-solivent\/wp-json\/wp\/v2\/users\/1"}],"replies":[{"embeddable":true,"href":"https:\/\/agora.xtec.cat\/escola-solivent\/wp-json\/wp\/v2\/comments?post=1991"}],"version-history":[{"count":1,"href":"https:\/\/agora.xtec.cat\/escola-solivent\/wp-json\/wp\/v2\/posts\/1991\/revisions"}],"predecessor-version":[{"id":1994,"href":"https:\/\/agora.xtec.cat\/escola-solivent\/wp-json\/wp\/v2\/posts\/1991\/revisions\/1994"}],"wp:featuredmedia":[{"embeddable":true,"href":"https:\/\/agora.xtec.cat\/escola-solivent\/wp-json\/wp\/v2\/media\/1992"}],"wp:attachment":[{"href":"https:\/\/agora.xtec.cat\/escola-solivent\/wp-json\/wp\/v2\/media?parent=1991"}],"wp:term":[{"taxonomy":"category","embeddable":true,"href":"https:\/\/agora.xtec.cat\/escola-solivent\/wp-json\/wp\/v2\/categories?post=1991"},{"taxonomy":"post_tag","embeddable":true,"href":"https:\/\/agora.xtec.cat\/escola-solivent\/wp-json\/wp\/v2\/tags?post=1991"}],"curies":[{"name":"wp","href":"https:\/\/api.w.org\/{rel}","templated":true}]}}