{"id":1976,"date":"2019-01-29T13:24:59","date_gmt":"2019-01-29T12:24:59","guid":{"rendered":"http:\/\/agora.xtec.cat\/escola-solivent\/?p=1976"},"modified":"2019-01-29T13:24:59","modified_gmt":"2019-01-29T12:24:59","slug":"la-fada-de-lhivern","status":"publish","type":"post","link":"https:\/\/agora.xtec.cat\/escola-solivent\/infantil\/la-fada-de-lhivern\/","title":{"rendered":"La fada de l&#8217;hivern"},"content":{"rendered":"<p>EL PASSAT DIVENDRES ELS NENS I NENES DE P3,P4 I P5 HEM DONAT LA BENVINGUDA\u00a0 A L\u2019HIVERN.\u00a0 HA ARRIBAT LA FADA GEBRADA DEL PA\u00cdS DE\u00a0 GEL I ENS HA EXPLICAT QUI \u00c9S, D\u2019ON VE I UN MUNT DE CURIOSITATS DE L\u2019HIVERN. TOT JUNTS HEM BALLAT UNA DANSA I\u00a0 ENS HO HEM PASSAT D\u2019ALL\u00d2 M\u00c9S B\u00c9 TOCANT EL GEL QUE ENS HA PORTAT PER SORPRESA. TAMB\u00c9 HEM SORTIT AL PATI I DECORAT LA TANCA AMB LES LLETRES DE BENVINGUT HIVERN I LES IMATGES DE ROBA D\u2019ABRIC.<\/p>\n<p>HA ESTAT UNA MANERA M\u00c0GICA DE COMEN\u00c7AR AQUEST SEGON TRIMESTRE.<\/p>\n<p>MOLTES GR\u00c0CIES FADA!<\/p>\n<p>Cliqueu damunt la fada per veure les fotos.<\/p>\n<p><a href=\"https:\/\/photos.app.goo.gl\/gQGTj5Xw63daAmAM9\"><img loading=\"lazy\" decoding=\"async\" class=\"aligncenter size-medium wp-image-1977\" src=\"https:\/\/agora.xtec.cat\/escola-solivent\/wp-content\/uploads\/usu1558\/2019\/01\/IMG_20190118_153804-300x169.jpg\" alt=\"\" width=\"300\" height=\"169\" srcset=\"https:\/\/agora.xtec.cat\/escola-solivent\/wp-content\/uploads\/usu1558\/2019\/01\/IMG_20190118_153804-300x169.jpg 300w, https:\/\/agora.xtec.cat\/escola-solivent\/wp-content\/uploads\/usu1558\/2019\/01\/IMG_20190118_153804-768x432.jpg 768w, https:\/\/agora.xtec.cat\/escola-solivent\/wp-content\/uploads\/usu1558\/2019\/01\/IMG_20190118_153804-1024x576.jpg 1024w, https:\/\/agora.xtec.cat\/escola-solivent\/wp-content\/uploads\/usu1558\/2019\/01\/IMG_20190118_153804.jpg 1280w\" sizes=\"auto, (max-width: 300px) 100vw, 300px\" \/><\/a><\/p>\n","protected":false},"excerpt":{"rendered":"<p>EL PASSAT DIVENDRES ELS NENS I NENES DE P3,P4 I P5 HEM DONAT LA BENVINGUDA\u00a0 A L\u2019HIVERN.\u00a0 HA ARRIBAT LA FADA GEBRADA DEL PA\u00cdS DE\u00a0 GEL I ENS HA EXPLICAT QUI \u00c9S, D\u2019ON VE I UN MUNT DE CURIOSITATS DE L\u2019HIVERN. TOT JUNTS HEM BALLAT&hellip;  <a href=\"https:\/\/agora.xtec.cat\/escola-solivent\/infantil\/la-fada-de-lhivern\/\" title=\"Read La fada de l&#8217;hivern\">Llegeix m\u00e9s\u00bb<\/a><\/p>\n","protected":false},"author":1,"featured_media":1977,"comment_status":"open","ping_status":"closed","sticky":false,"template":"","format":"standard","meta":{"_bbp_topic_count":0,"_bbp_reply_count":0,"_bbp_total_topic_count":0,"_bbp_total_reply_count":0,"_bbp_voice_count":0,"_bbp_anonymous_reply_count":0,"_bbp_topic_count_hidden":0,"_bbp_reply_count_hidden":0,"_bbp_forum_subforum_count":0,"footnotes":""},"categories":[2,3,8,9,4],"tags":[124],"class_list":["post-1976","post","type-post","status-publish","format-standard","has-post-thumbnail","hentry","category-infantil","category-i3","category-i4","category-i5","category-portada","tag-hivern"],"post_mailing_queue_ids":[],"_links":{"self":[{"href":"https:\/\/agora.xtec.cat\/escola-solivent\/wp-json\/wp\/v2\/posts\/1976","targetHints":{"allow":["GET"]}}],"collection":[{"href":"https:\/\/agora.xtec.cat\/escola-solivent\/wp-json\/wp\/v2\/posts"}],"about":[{"href":"https:\/\/agora.xtec.cat\/escola-solivent\/wp-json\/wp\/v2\/types\/post"}],"author":[{"embeddable":true,"href":"https:\/\/agora.xtec.cat\/escola-solivent\/wp-json\/wp\/v2\/users\/1"}],"replies":[{"embeddable":true,"href":"https:\/\/agora.xtec.cat\/escola-solivent\/wp-json\/wp\/v2\/comments?post=1976"}],"version-history":[{"count":1,"href":"https:\/\/agora.xtec.cat\/escola-solivent\/wp-json\/wp\/v2\/posts\/1976\/revisions"}],"predecessor-version":[{"id":1978,"href":"https:\/\/agora.xtec.cat\/escola-solivent\/wp-json\/wp\/v2\/posts\/1976\/revisions\/1978"}],"wp:featuredmedia":[{"embeddable":true,"href":"https:\/\/agora.xtec.cat\/escola-solivent\/wp-json\/wp\/v2\/media\/1977"}],"wp:attachment":[{"href":"https:\/\/agora.xtec.cat\/escola-solivent\/wp-json\/wp\/v2\/media?parent=1976"}],"wp:term":[{"taxonomy":"category","embeddable":true,"href":"https:\/\/agora.xtec.cat\/escola-solivent\/wp-json\/wp\/v2\/categories?post=1976"},{"taxonomy":"post_tag","embeddable":true,"href":"https:\/\/agora.xtec.cat\/escola-solivent\/wp-json\/wp\/v2\/tags?post=1976"}],"curies":[{"name":"wp","href":"https:\/\/api.w.org\/{rel}","templated":true}]}}