{"id":1973,"date":"2019-01-29T13:17:19","date_gmt":"2019-01-29T12:17:19","guid":{"rendered":"http:\/\/agora.xtec.cat\/escola-solivent\/?p=1973"},"modified":"2019-01-29T13:19:26","modified_gmt":"2019-01-29T12:19:26","slug":"patges-i-tio-a-infantil","status":"publish","type":"post","link":"https:\/\/agora.xtec.cat\/escola-solivent\/general\/patges-i-tio-a-infantil\/","title":{"rendered":"Patges i ti\u00f3 a infantil"},"content":{"rendered":"<p>ABANS DE LES VACANCES JA VAM COMEN\u00c7AR A CELEBRAR LES FESTES DEL NADAL A L\u2019ESCOLA. COM CADA ANY ENS VAN VISITAR ELS PATGES A QUI, AMB MOLTA IL\u00b7LUSI\u00d3, VAM ENTREGAR LA CARTA. TAMB\u00c9 VAM FER CAGAR EL TI\u00d3 I ENS VA PORTAR UN REGAL MOLT BONIC: A P3 UNA PILOTA, A P4 UN CALIDOSCOPI I A P5 UN IO-IO.<\/p>\n<p>Cliqueu damunt dels patges&#8230;<\/p>\n<p><a href=\"https:\/\/photos.app.goo.gl\/SqkwtyXvZaWawJf67\"><img loading=\"lazy\" decoding=\"async\" class=\"aligncenter size-medium wp-image-1974\" src=\"https:\/\/agora.xtec.cat\/escola-solivent\/wp-content\/uploads\/usu1558\/2019\/01\/DSC07091-300x223.jpg\" alt=\"\" width=\"300\" height=\"223\" srcset=\"https:\/\/agora.xtec.cat\/escola-solivent\/wp-content\/uploads\/usu1558\/2019\/01\/DSC07091-300x223.jpg 300w, https:\/\/agora.xtec.cat\/escola-solivent\/wp-content\/uploads\/usu1558\/2019\/01\/DSC07091-768x571.jpg 768w, https:\/\/agora.xtec.cat\/escola-solivent\/wp-content\/uploads\/usu1558\/2019\/01\/DSC07091-1024x762.jpg 1024w, https:\/\/agora.xtec.cat\/escola-solivent\/wp-content\/uploads\/usu1558\/2019\/01\/DSC07091-200x150.jpg 200w\" sizes=\"auto, (max-width: 300px) 100vw, 300px\" \/><\/a><\/p>\n","protected":false},"excerpt":{"rendered":"<p>ABANS DE LES VACANCES JA VAM COMEN\u00c7AR A CELEBRAR LES FESTES DEL NADAL A L\u2019ESCOLA. COM CADA ANY ENS VAN VISITAR ELS PATGES A QUI, AMB MOLTA IL\u00b7LUSI\u00d3, VAM ENTREGAR LA CARTA. TAMB\u00c9 VAM FER CAGAR EL TI\u00d3 I ENS VA PORTAR UN REGAL MOLT&hellip;  <a href=\"https:\/\/agora.xtec.cat\/escola-solivent\/general\/patges-i-tio-a-infantil\/\" title=\"Read Patges i ti\u00f3 a infantil\">Llegeix m\u00e9s\u00bb<\/a><\/p>\n","protected":false},"author":1,"featured_media":1974,"comment_status":"open","ping_status":"closed","sticky":false,"template":"","format":"standard","meta":{"_bbp_topic_count":0,"_bbp_reply_count":0,"_bbp_total_topic_count":0,"_bbp_total_reply_count":0,"_bbp_voice_count":0,"_bbp_anonymous_reply_count":0,"_bbp_topic_count_hidden":0,"_bbp_reply_count_hidden":0,"_bbp_forum_subforum_count":0,"footnotes":""},"categories":[1,2,3,8,9,4],"tags":[56,61,70,69,68],"class_list":["post-1973","post","type-post","status-publish","format-standard","has-post-thumbnail","hentry","category-general","category-infantil","category-i3","category-i4","category-i5","category-portada","tag-festes","tag-nadal","tag-patges","tag-tio","tag-tradicions"],"post_mailing_queue_ids":[],"_links":{"self":[{"href":"https:\/\/agora.xtec.cat\/escola-solivent\/wp-json\/wp\/v2\/posts\/1973","targetHints":{"allow":["GET"]}}],"collection":[{"href":"https:\/\/agora.xtec.cat\/escola-solivent\/wp-json\/wp\/v2\/posts"}],"about":[{"href":"https:\/\/agora.xtec.cat\/escola-solivent\/wp-json\/wp\/v2\/types\/post"}],"author":[{"embeddable":true,"href":"https:\/\/agora.xtec.cat\/escola-solivent\/wp-json\/wp\/v2\/users\/1"}],"replies":[{"embeddable":true,"href":"https:\/\/agora.xtec.cat\/escola-solivent\/wp-json\/wp\/v2\/comments?post=1973"}],"version-history":[{"count":1,"href":"https:\/\/agora.xtec.cat\/escola-solivent\/wp-json\/wp\/v2\/posts\/1973\/revisions"}],"predecessor-version":[{"id":1975,"href":"https:\/\/agora.xtec.cat\/escola-solivent\/wp-json\/wp\/v2\/posts\/1973\/revisions\/1975"}],"wp:featuredmedia":[{"embeddable":true,"href":"https:\/\/agora.xtec.cat\/escola-solivent\/wp-json\/wp\/v2\/media\/1974"}],"wp:attachment":[{"href":"https:\/\/agora.xtec.cat\/escola-solivent\/wp-json\/wp\/v2\/media?parent=1973"}],"wp:term":[{"taxonomy":"category","embeddable":true,"href":"https:\/\/agora.xtec.cat\/escola-solivent\/wp-json\/wp\/v2\/categories?post=1973"},{"taxonomy":"post_tag","embeddable":true,"href":"https:\/\/agora.xtec.cat\/escola-solivent\/wp-json\/wp\/v2\/tags?post=1973"}],"curies":[{"name":"wp","href":"https:\/\/api.w.org\/{rel}","templated":true}]}}