{"id":1967,"date":"2019-01-29T13:06:42","date_gmt":"2019-01-29T12:06:42","guid":{"rendered":"http:\/\/agora.xtec.cat\/escola-solivent\/?p=1967"},"modified":"2019-01-29T13:20:27","modified_gmt":"2019-01-29T12:20:27","slug":"en-fumera-visita-lescola","status":"publish","type":"post","link":"https:\/\/agora.xtec.cat\/escola-solivent\/general\/en-fumera-visita-lescola\/","title":{"rendered":"En Fumera visita l&#8217;escola"},"content":{"rendered":"<p>EN FUMERA , EL PATGE DELS REIS MAGS, HA VINGUT A VISITAR-NOS A L\u2019ESCOLA . HA ENTRAT PEL PATI I ENS ESPIAVA\u00a0 PER LA FINESTRA AMB EL SEU ULL QUE T\u00c9 AL DIT \u00cdNDEX DE LA M\u00c0. DE SEGUIDA, L\u2019HEM VIST\u00a0 I HEM SORTIT A VEURE\u2019L MOLT CONTENTS. EN FUMERA ENS HA EXPLICAT QUE AQUESTS DIES T\u00c9 MOLTA FEINA A VIGILAR ELS NENS I LES NENES I ENS HA DIT QUE SOBRETOT ENS PORT\u00c9SSIM MOLT B\u00c9 PERQU\u00c8 ELL HO ESCRIU TOT A LA SEVA LLIBRETA M\u00c0GICA I DESPR\u00c9S HO EXPLICA ALS REIS MAGS.<\/p>\n<p>EN FUMERA \u00a0TOT HO VEU, TOT HO SENT I TOT HO XERRA!!!<\/p>\n<p>Cliqueu damunt la foto&#8230;<\/p>\n<p><a href=\"https:\/\/photos.app.goo.gl\/gaPE18USVZ13zYyC8\"><img loading=\"lazy\" decoding=\"async\" class=\"aligncenter size-medium wp-image-1969\" src=\"https:\/\/agora.xtec.cat\/escola-solivent\/wp-content\/uploads\/usu1558\/2019\/01\/DSC06916-300x211.jpg\" alt=\"\" width=\"300\" height=\"211\" srcset=\"https:\/\/agora.xtec.cat\/escola-solivent\/wp-content\/uploads\/usu1558\/2019\/01\/DSC06916-300x211.jpg 300w, https:\/\/agora.xtec.cat\/escola-solivent\/wp-content\/uploads\/usu1558\/2019\/01\/DSC06916-768x541.jpg 768w, https:\/\/agora.xtec.cat\/escola-solivent\/wp-content\/uploads\/usu1558\/2019\/01\/DSC06916-1024x722.jpg 1024w\" sizes=\"auto, (max-width: 300px) 100vw, 300px\" \/><\/a><\/p>\n","protected":false},"excerpt":{"rendered":"<p>EN FUMERA , EL PATGE DELS REIS MAGS, HA VINGUT A VISITAR-NOS A L\u2019ESCOLA . HA ENTRAT PEL PATI I ENS ESPIAVA\u00a0 PER LA FINESTRA AMB EL SEU ULL QUE T\u00c9 AL DIT \u00cdNDEX DE LA M\u00c0. DE SEGUIDA, L\u2019HEM VIST\u00a0 I HEM SORTIT A&hellip;  <a href=\"https:\/\/agora.xtec.cat\/escola-solivent\/general\/en-fumera-visita-lescola\/\" title=\"Read En Fumera visita l&#8217;escola\">Llegeix m\u00e9s\u00bb<\/a><\/p>\n","protected":false},"author":1,"featured_media":1969,"comment_status":"open","ping_status":"closed","sticky":false,"template":"","format":"standard","meta":{"_bbp_topic_count":0,"_bbp_reply_count":0,"_bbp_total_topic_count":0,"_bbp_total_reply_count":0,"_bbp_voice_count":0,"_bbp_anonymous_reply_count":0,"_bbp_topic_count_hidden":0,"_bbp_reply_count_hidden":0,"_bbp_forum_subforum_count":0,"footnotes":""},"categories":[1,2,3,8,9,4],"tags":[56,61,68],"class_list":["post-1967","post","type-post","status-publish","format-standard","has-post-thumbnail","hentry","category-general","category-infantil","category-i3","category-i4","category-i5","category-portada","tag-festes","tag-nadal","tag-tradicions"],"post_mailing_queue_ids":[],"_links":{"self":[{"href":"https:\/\/agora.xtec.cat\/escola-solivent\/wp-json\/wp\/v2\/posts\/1967","targetHints":{"allow":["GET"]}}],"collection":[{"href":"https:\/\/agora.xtec.cat\/escola-solivent\/wp-json\/wp\/v2\/posts"}],"about":[{"href":"https:\/\/agora.xtec.cat\/escola-solivent\/wp-json\/wp\/v2\/types\/post"}],"author":[{"embeddable":true,"href":"https:\/\/agora.xtec.cat\/escola-solivent\/wp-json\/wp\/v2\/users\/1"}],"replies":[{"embeddable":true,"href":"https:\/\/agora.xtec.cat\/escola-solivent\/wp-json\/wp\/v2\/comments?post=1967"}],"version-history":[{"count":2,"href":"https:\/\/agora.xtec.cat\/escola-solivent\/wp-json\/wp\/v2\/posts\/1967\/revisions"}],"predecessor-version":[{"id":1972,"href":"https:\/\/agora.xtec.cat\/escola-solivent\/wp-json\/wp\/v2\/posts\/1967\/revisions\/1972"}],"wp:featuredmedia":[{"embeddable":true,"href":"https:\/\/agora.xtec.cat\/escola-solivent\/wp-json\/wp\/v2\/media\/1969"}],"wp:attachment":[{"href":"https:\/\/agora.xtec.cat\/escola-solivent\/wp-json\/wp\/v2\/media?parent=1967"}],"wp:term":[{"taxonomy":"category","embeddable":true,"href":"https:\/\/agora.xtec.cat\/escola-solivent\/wp-json\/wp\/v2\/categories?post=1967"},{"taxonomy":"post_tag","embeddable":true,"href":"https:\/\/agora.xtec.cat\/escola-solivent\/wp-json\/wp\/v2\/tags?post=1967"}],"curies":[{"name":"wp","href":"https:\/\/api.w.org\/{rel}","templated":true}]}}