{"id":1831,"date":"2018-11-19T16:28:28","date_gmt":"2018-11-19T15:28:28","guid":{"rendered":"http:\/\/agora.xtec.cat\/escola-solivent\/?p=1831"},"modified":"2018-11-19T16:28:28","modified_gmt":"2018-11-19T15:28:28","slug":"fruits-de-tardor-el-raim-a-primer","status":"publish","type":"post","link":"https:\/\/agora.xtec.cat\/escola-solivent\/general\/fruits-de-tardor-el-raim-a-primer\/","title":{"rendered":"Fruits de tardor: el ra\u00efm a primer"},"content":{"rendered":"<p>La classe de primer va participar en la decoraci\u00f3 del vest\u00edbul amb un fruit de tardor que<br \/>\nconeixen molt b\u00e9, el ra\u00efm. Despr\u00e9s d&#8217;haver collit ra\u00efm a la Vinyeta, van poder<br \/>\nconfeccionar uns gotims de ra\u00efm amb boletes de porexpan i una semal amb cartr\u00f3, paper<br \/>\nde seda i drapet de colors de tardor.<br \/>\nUn cop penjat al vest\u00edbul, ho van decorar amb fulles de color taronja i van anar a veure els<br \/>\nfruits i cistells que havien confeccionat les altres classes i van veure que tots havien<br \/>\nquedat preciosos!<\/p>\n<p><a href=\"https:\/\/photos.app.goo.gl\/R9YZPAb5C5LKqoCx9\">Mireu<\/a> quines fotos.<\/p>\n","protected":false},"excerpt":{"rendered":"<p>La classe de primer va participar en la decoraci\u00f3 del vest\u00edbul amb un fruit de tardor que<br \/>\nconeixen molt b\u00e9, el ra\u00efm. Despr\u00e9s d&#8217;haver collit ra\u00efm a la Vinyeta, van poder<br \/>\nconfeccionar uns gotims de ra\u00efm amb boletes de porexpan i una semal amb cartr\u00f3, paper<br \/>\nde seda&hellip;  <a href=\"https:\/\/agora.xtec.cat\/escola-solivent\/general\/fruits-de-tardor-el-raim-a-primer\/\" title=\"Read Fruits de tardor: el ra\u00efm a primer\">Llegeix m\u00e9s\u00bb<\/a><\/p>\n","protected":false},"author":1,"featured_media":1832,"comment_status":"open","ping_status":"closed","sticky":false,"template":"","format":"standard","meta":{"_bbp_topic_count":0,"_bbp_reply_count":0,"_bbp_total_topic_count":0,"_bbp_total_reply_count":0,"_bbp_voice_count":0,"_bbp_anonymous_reply_count":0,"_bbp_topic_count_hidden":0,"_bbp_reply_count_hidden":0,"_bbp_forum_subforum_count":0,"footnotes":""},"categories":[10,1,4,5],"tags":[58,97,17,67],"class_list":["post-1831","post","type-post","status-publish","format-standard","has-post-thumbnail","hentry","category-1r","category-general","category-portada","category-primaria","tag-decoracio","tag-medi","tag-plastica","tag-tardor"],"post_mailing_queue_ids":[],"_links":{"self":[{"href":"https:\/\/agora.xtec.cat\/escola-solivent\/wp-json\/wp\/v2\/posts\/1831","targetHints":{"allow":["GET"]}}],"collection":[{"href":"https:\/\/agora.xtec.cat\/escola-solivent\/wp-json\/wp\/v2\/posts"}],"about":[{"href":"https:\/\/agora.xtec.cat\/escola-solivent\/wp-json\/wp\/v2\/types\/post"}],"author":[{"embeddable":true,"href":"https:\/\/agora.xtec.cat\/escola-solivent\/wp-json\/wp\/v2\/users\/1"}],"replies":[{"embeddable":true,"href":"https:\/\/agora.xtec.cat\/escola-solivent\/wp-json\/wp\/v2\/comments?post=1831"}],"version-history":[{"count":1,"href":"https:\/\/agora.xtec.cat\/escola-solivent\/wp-json\/wp\/v2\/posts\/1831\/revisions"}],"predecessor-version":[{"id":1833,"href":"https:\/\/agora.xtec.cat\/escola-solivent\/wp-json\/wp\/v2\/posts\/1831\/revisions\/1833"}],"wp:featuredmedia":[{"embeddable":true,"href":"https:\/\/agora.xtec.cat\/escola-solivent\/wp-json\/wp\/v2\/media\/1832"}],"wp:attachment":[{"href":"https:\/\/agora.xtec.cat\/escola-solivent\/wp-json\/wp\/v2\/media?parent=1831"}],"wp:term":[{"taxonomy":"category","embeddable":true,"href":"https:\/\/agora.xtec.cat\/escola-solivent\/wp-json\/wp\/v2\/categories?post=1831"},{"taxonomy":"post_tag","embeddable":true,"href":"https:\/\/agora.xtec.cat\/escola-solivent\/wp-json\/wp\/v2\/tags?post=1831"}],"curies":[{"name":"wp","href":"https:\/\/api.w.org\/{rel}","templated":true}]}}