{"id":1812,"date":"2018-11-12T16:03:07","date_gmt":"2018-11-12T15:03:07","guid":{"rendered":"http:\/\/agora.xtec.cat\/escola-solivent\/?p=1812"},"modified":"2018-11-12T16:03:07","modified_gmt":"2018-11-12T15:03:07","slug":"castanyada-passada-per-aigua","status":"publish","type":"post","link":"https:\/\/agora.xtec.cat\/escola-solivent\/general\/castanyada-passada-per-aigua\/","title":{"rendered":"Castanyada passada per aigua"},"content":{"rendered":"<p style=\"text-align: justify;\">El passat dimecres 31 d\u2019octubre vam celebrar la castanyada. Enguany no vam poder fer la festa al pati, doncs la pluja no ens ho va permetre. Per\u00f2 ballar i menjar castanyes a dins l\u2019escola ho vam poder fer.<\/p>\n<p style=\"text-align: justify;\">Al mat\u00ed, els nens i nens de 6\u00e8 van passar per les classes a recollir les castanyes. A la tarda ens vam trobar tots al vest\u00edbul , perqu\u00e8 plovia\u00a0 \u00a0i all\u00e0 els nens i nenes de l\u2019escola, amb els castanyers de vam ballar\u00a0can\u00e7ons de tardor.<\/p>\n<p>Despr\u00e9s vam marxar a les classes i all\u00e0, ens vam menjar les\u00a0castanyes torrades! Que bones que estaven!<\/p>\n<p style=\"text-align: justify;\">Si voleu veure les fotos del dia <a href=\"https:\/\/photos.app.goo.gl\/MrSsNbH5MxmFiwLB8\">cliqueu<\/a>\u00a0aqu\u00ed!<\/p>\n<p style=\"text-align: justify;\">Gr\u00e0cies a l\u2019AMPA per la col\u00b7laboraci\u00f3.<\/p>\n","protected":false},"excerpt":{"rendered":"<p>El passat dimecres 31 d\u2019octubre vam celebrar la castanyada. Enguany no vam poder fer la festa al pati, doncs la pluja no ens ho va permetre. Per\u00f2 ballar i menjar castanyes a dins l\u2019escola ho vam poder fer.<br \/>\nAl mat\u00ed, els nens i nens de 6\u00e8&hellip;  <a href=\"https:\/\/agora.xtec.cat\/escola-solivent\/general\/castanyada-passada-per-aigua\/\" title=\"Read Castanyada passada per aigua\">Llegeix m\u00e9s\u00bb<\/a><\/p>\n","protected":false},"author":1,"featured_media":1813,"comment_status":"open","ping_status":"closed","sticky":false,"template":"","format":"standard","meta":{"_bbp_topic_count":0,"_bbp_reply_count":0,"_bbp_total_topic_count":0,"_bbp_total_reply_count":0,"_bbp_voice_count":0,"_bbp_anonymous_reply_count":0,"_bbp_topic_count_hidden":0,"_bbp_reply_count_hidden":0,"_bbp_forum_subforum_count":0,"footnotes":""},"categories":[10,11,12,13,14,15,1,2,3,8,9,4,5],"tags":[60,56,67,68],"class_list":["post-1812","post","type-post","status-publish","format-standard","has-post-thumbnail","hentry","category-1r","category-2n","category-3r","category-4t","category-5e","category-6e","category-general","category-infantil","category-i3","category-i4","category-i5","category-portada","category-primaria","tag-castanyada","tag-festes","tag-tardor","tag-tradicions"],"post_mailing_queue_ids":[],"_links":{"self":[{"href":"https:\/\/agora.xtec.cat\/escola-solivent\/wp-json\/wp\/v2\/posts\/1812","targetHints":{"allow":["GET"]}}],"collection":[{"href":"https:\/\/agora.xtec.cat\/escola-solivent\/wp-json\/wp\/v2\/posts"}],"about":[{"href":"https:\/\/agora.xtec.cat\/escola-solivent\/wp-json\/wp\/v2\/types\/post"}],"author":[{"embeddable":true,"href":"https:\/\/agora.xtec.cat\/escola-solivent\/wp-json\/wp\/v2\/users\/1"}],"replies":[{"embeddable":true,"href":"https:\/\/agora.xtec.cat\/escola-solivent\/wp-json\/wp\/v2\/comments?post=1812"}],"version-history":[{"count":1,"href":"https:\/\/agora.xtec.cat\/escola-solivent\/wp-json\/wp\/v2\/posts\/1812\/revisions"}],"predecessor-version":[{"id":1814,"href":"https:\/\/agora.xtec.cat\/escola-solivent\/wp-json\/wp\/v2\/posts\/1812\/revisions\/1814"}],"wp:featuredmedia":[{"embeddable":true,"href":"https:\/\/agora.xtec.cat\/escola-solivent\/wp-json\/wp\/v2\/media\/1813"}],"wp:attachment":[{"href":"https:\/\/agora.xtec.cat\/escola-solivent\/wp-json\/wp\/v2\/media?parent=1812"}],"wp:term":[{"taxonomy":"category","embeddable":true,"href":"https:\/\/agora.xtec.cat\/escola-solivent\/wp-json\/wp\/v2\/categories?post=1812"},{"taxonomy":"post_tag","embeddable":true,"href":"https:\/\/agora.xtec.cat\/escola-solivent\/wp-json\/wp\/v2\/tags?post=1812"}],"curies":[{"name":"wp","href":"https:\/\/api.w.org\/{rel}","templated":true}]}}