{"id":1782,"date":"2018-11-01T18:43:40","date_gmt":"2018-11-01T17:43:40","guid":{"rendered":"http:\/\/agora.xtec.cat\/escola-solivent\/?p=1782"},"modified":"2018-11-05T14:48:48","modified_gmt":"2018-11-05T13:48:48","slug":"1782","status":"publish","type":"post","link":"https:\/\/agora.xtec.cat\/escola-solivent\/general\/1782\/","title":{"rendered":"ELECCIONS CONSELL ESCOLAR"},"content":{"rendered":"<p><span style=\"font-family: inherit; font-size: 1em;\">Benvolgudes fam\u00edlies,<\/span><\/p>\n<p>el dilluns 5 de novembre comen\u00e7a el proc\u00e9s per a les eleccions del Consell Escolar.<\/p>\n<p>Sabeu que la vostra participaci\u00f3 i implicaci\u00f3 a l&#8217;escola \u00e9s important per al seu funcionament, objectius i projectes. Per aix\u00f2\u00a0us animem a participar en aquest proc\u00e9s electoral\u00a0on cal renovar dos membres del sector de pares i mares.<\/p>\n<p>Les dates m\u00e9s significatives del proc\u00e9s durant el mes de novembre s\u00f3n:<\/p>\n<ul>\n<li><strong>Del 6 al 8 de novembre presentar reclamacions del cens de pares, mares i tutors.<\/strong><\/li>\n<li><strong>Fins el 16 de novembre presentaci\u00f3 de candidatures<\/strong>.<\/li>\n<li>Dimarts 20 de novembre publicaci\u00f3 de les candidatures.<\/li>\n<li><strong>DIMECRES 28\u00a0de novembre DIA DE VOTACIONS ( de 8:45h a 17:00h)<\/strong><\/li>\n<\/ul>\n<p>Agra\u00efm per endavant la vostra participaci\u00f3.<\/p>\n<p><a href=\"https:\/\/agora.xtec.cat\/escola-solivent\/wp-content\/uploads\/usu1558\/2018\/06\/llac3a7-negre-e1528199652986.jpg\"><img loading=\"lazy\" decoding=\"async\" class=\"aligncenter size-medium wp-image-1542\" src=\"https:\/\/agora.xtec.cat\/escola-solivent\/wp-content\/uploads\/usu1558\/2018\/06\/llac3a7-negre-229x300.jpg\" alt=\"\" width=\"229\" height=\"300\" \/><\/a><\/p>\n","protected":false},"excerpt":{"rendered":"<p>Benvolgudes fam\u00edlies,<br \/>\nel dilluns 5 de novembre comen\u00e7a el proc\u00e9s per a les eleccions del Consell Escolar.<br \/>\nSabeu que la vostra participaci\u00f3 i implicaci\u00f3 a l&#8217;escola \u00e9s important per al seu funcionament, objectius i projectes. Per aix\u00f2\u00a0us animem a participar en aquest proc\u00e9s electoral\u00a0on cal renovar dos&hellip;  <a href=\"https:\/\/agora.xtec.cat\/escola-solivent\/general\/1782\/\" title=\"Read ELECCIONS CONSELL ESCOLAR\">Llegeix m\u00e9s\u00bb<\/a><\/p>\n","protected":false},"author":1,"featured_media":1784,"comment_status":"open","ping_status":"closed","sticky":false,"template":"","format":"standard","meta":{"_bbp_topic_count":0,"_bbp_reply_count":0,"_bbp_total_topic_count":0,"_bbp_total_reply_count":0,"_bbp_voice_count":0,"_bbp_anonymous_reply_count":0,"_bbp_topic_count_hidden":0,"_bbp_reply_count_hidden":0,"_bbp_forum_subforum_count":0,"footnotes":""},"categories":[7,1,2,4,5],"tags":[],"class_list":["post-1782","post","type-post","status-publish","format-standard","has-post-thumbnail","hentry","category-afa","category-general","category-infantil","category-portada","category-primaria"],"post_mailing_queue_ids":[],"_links":{"self":[{"href":"https:\/\/agora.xtec.cat\/escola-solivent\/wp-json\/wp\/v2\/posts\/1782","targetHints":{"allow":["GET"]}}],"collection":[{"href":"https:\/\/agora.xtec.cat\/escola-solivent\/wp-json\/wp\/v2\/posts"}],"about":[{"href":"https:\/\/agora.xtec.cat\/escola-solivent\/wp-json\/wp\/v2\/types\/post"}],"author":[{"embeddable":true,"href":"https:\/\/agora.xtec.cat\/escola-solivent\/wp-json\/wp\/v2\/users\/1"}],"replies":[{"embeddable":true,"href":"https:\/\/agora.xtec.cat\/escola-solivent\/wp-json\/wp\/v2\/comments?post=1782"}],"version-history":[{"count":2,"href":"https:\/\/agora.xtec.cat\/escola-solivent\/wp-json\/wp\/v2\/posts\/1782\/revisions"}],"predecessor-version":[{"id":1785,"href":"https:\/\/agora.xtec.cat\/escola-solivent\/wp-json\/wp\/v2\/posts\/1782\/revisions\/1785"}],"wp:featuredmedia":[{"embeddable":true,"href":"https:\/\/agora.xtec.cat\/escola-solivent\/wp-json\/wp\/v2\/media\/1784"}],"wp:attachment":[{"href":"https:\/\/agora.xtec.cat\/escola-solivent\/wp-json\/wp\/v2\/media?parent=1782"}],"wp:term":[{"taxonomy":"category","embeddable":true,"href":"https:\/\/agora.xtec.cat\/escola-solivent\/wp-json\/wp\/v2\/categories?post=1782"},{"taxonomy":"post_tag","embeddable":true,"href":"https:\/\/agora.xtec.cat\/escola-solivent\/wp-json\/wp\/v2\/tags?post=1782"}],"curies":[{"name":"wp","href":"https:\/\/api.w.org\/{rel}","templated":true}]}}