{"id":1707,"date":"2018-10-15T15:48:43","date_gmt":"2018-10-15T13:48:43","guid":{"rendered":"http:\/\/agora.xtec.cat\/escola-solivent\/?p=1707"},"modified":"2018-10-15T15:48:43","modified_gmt":"2018-10-15T13:48:43","slug":"cicle-inicial-visita-la-vinyeta","status":"publish","type":"post","link":"https:\/\/agora.xtec.cat\/escola-solivent\/general\/cicle-inicial-visita-la-vinyeta\/","title":{"rendered":"Cicle inicial visita La Vinyeta"},"content":{"rendered":"<p style=\"text-align: justify;\">El dia 2 d&#8217;octubre els alumnes de primer i segon van anar a Mollet de Peralada per a visitar La Vinyeta, una petita explotaci\u00f3 vin\u00edcola de producci\u00f3 integrada (sistema de conreu respectu\u00f3s amb el medi ambient).<br \/>\nAcompanyats per la tramuntana empordanesa, van poder passejar per les vinyes i olivets; visitar el galliner i el vinagrer; collir ra\u00efm, trepitjar-lo, tastar el most i fruir de l&#8217;experi\u00e8ncia d&#8217;una verema tradicional.<br \/>\nDespr\u00e9s de dinar, van gaudir d&#8217;una tarda de jocs al parc infantil de Peralada.<\/p>\n<p><a href=\"https:\/\/photos.app.goo.gl\/wRVCwvWLGBN4Kcg38\">Mireu el recull de fotos<\/a><\/p>\n","protected":false},"excerpt":{"rendered":"<p>El dia 2 d&#8217;octubre els alumnes de primer i segon van anar a Mollet de Peralada per a visitar La Vinyeta, una petita explotaci\u00f3 vin\u00edcola de producci\u00f3 integrada (sistema de conreu respectu\u00f3s amb el medi ambient).<br \/>\nAcompanyats per la tramuntana empordanesa, van poder passejar per les&hellip;  <a href=\"https:\/\/agora.xtec.cat\/escola-solivent\/general\/cicle-inicial-visita-la-vinyeta\/\" title=\"Read Cicle inicial visita La Vinyeta\">Llegeix m\u00e9s\u00bb<\/a><\/p>\n","protected":false},"author":1,"featured_media":1709,"comment_status":"open","ping_status":"closed","sticky":false,"template":"","format":"standard","meta":{"_bbp_topic_count":0,"_bbp_reply_count":0,"_bbp_total_topic_count":0,"_bbp_total_reply_count":0,"_bbp_voice_count":0,"_bbp_anonymous_reply_count":0,"_bbp_topic_count_hidden":0,"_bbp_reply_count_hidden":0,"_bbp_forum_subforum_count":0,"footnotes":""},"categories":[10,11,1,4,5],"tags":[89,87,97,66,16,67],"class_list":["post-1707","post","type-post","status-publish","format-standard","has-post-thumbnail","hentry","category-1r","category-2n","category-general","category-portada","category-primaria","tag-descoberta","tag-entorn","tag-medi","tag-projectes","tag-sortides","tag-tardor"],"post_mailing_queue_ids":[],"_links":{"self":[{"href":"https:\/\/agora.xtec.cat\/escola-solivent\/wp-json\/wp\/v2\/posts\/1707","targetHints":{"allow":["GET"]}}],"collection":[{"href":"https:\/\/agora.xtec.cat\/escola-solivent\/wp-json\/wp\/v2\/posts"}],"about":[{"href":"https:\/\/agora.xtec.cat\/escola-solivent\/wp-json\/wp\/v2\/types\/post"}],"author":[{"embeddable":true,"href":"https:\/\/agora.xtec.cat\/escola-solivent\/wp-json\/wp\/v2\/users\/1"}],"replies":[{"embeddable":true,"href":"https:\/\/agora.xtec.cat\/escola-solivent\/wp-json\/wp\/v2\/comments?post=1707"}],"version-history":[{"count":2,"href":"https:\/\/agora.xtec.cat\/escola-solivent\/wp-json\/wp\/v2\/posts\/1707\/revisions"}],"predecessor-version":[{"id":1710,"href":"https:\/\/agora.xtec.cat\/escola-solivent\/wp-json\/wp\/v2\/posts\/1707\/revisions\/1710"}],"wp:featuredmedia":[{"embeddable":true,"href":"https:\/\/agora.xtec.cat\/escola-solivent\/wp-json\/wp\/v2\/media\/1709"}],"wp:attachment":[{"href":"https:\/\/agora.xtec.cat\/escola-solivent\/wp-json\/wp\/v2\/media?parent=1707"}],"wp:term":[{"taxonomy":"category","embeddable":true,"href":"https:\/\/agora.xtec.cat\/escola-solivent\/wp-json\/wp\/v2\/categories?post=1707"},{"taxonomy":"post_tag","embeddable":true,"href":"https:\/\/agora.xtec.cat\/escola-solivent\/wp-json\/wp\/v2\/tags?post=1707"}],"curies":[{"name":"wp","href":"https:\/\/api.w.org\/{rel}","templated":true}]}}