{"id":1698,"date":"2018-10-08T15:55:13","date_gmt":"2018-10-08T13:55:13","guid":{"rendered":"http:\/\/agora.xtec.cat\/escola-solivent\/?p=1698"},"modified":"2018-10-08T16:03:42","modified_gmt":"2018-10-08T14:03:42","slug":"la-classe-de-primer-a-lhort","status":"publish","type":"post","link":"https:\/\/agora.xtec.cat\/escola-solivent\/portada\/la-classe-de-primer-a-lhort\/","title":{"rendered":"La classe de primer a l&#8217;hort"},"content":{"rendered":"<p style=\"text-align: justify;\">Els nens i nenes de primer han anat a l&#8217;hort a collir fulles i fruits de tardor. Abans, per\u00f2, li han ensenyat a la X\u00e8nia com \u00e9s de gran i preci\u00f3s l&#8217;hort ecol\u00f2gic de l\u00b4escola i tots plegats han pogut visitar la bassa, els arbres fruiters, les plantes arom\u00e0tiques, la caseta de les eines i els crestalls on hi plantaran enciams i escaroles durant aquesta tardor.<\/p>\n<p><a href=\"https:\/\/photos.app.goo.gl\/VZCfQF7MVjr6rZq39\">Mireu quines fotos m\u00e9s xules!<\/a><\/p>\n","protected":false},"excerpt":{"rendered":"<p>Els nens i nenes de primer han anat a l&#8217;hort a collir fulles i fruits de tardor. Abans, per\u00f2, li han ensenyat a la X\u00e8nia com \u00e9s de gran i preci\u00f3s l&#8217;hort ecol\u00f2gic de l\u00b4escola i tots plegats han pogut visitar la bassa, els arbres&hellip;  <a href=\"https:\/\/agora.xtec.cat\/escola-solivent\/portada\/la-classe-de-primer-a-lhort\/\" title=\"Read La classe de primer a l&#8217;hort\">Llegeix m\u00e9s\u00bb<\/a><\/p>\n","protected":false},"author":1,"featured_media":1699,"comment_status":"open","ping_status":"closed","sticky":false,"template":"","format":"standard","meta":{"_bbp_topic_count":0,"_bbp_reply_count":0,"_bbp_total_topic_count":0,"_bbp_total_reply_count":0,"_bbp_voice_count":0,"_bbp_anonymous_reply_count":0,"_bbp_topic_count_hidden":0,"_bbp_reply_count_hidden":0,"_bbp_forum_subforum_count":0,"footnotes":""},"categories":[10,4,5],"tags":[89,57,67],"class_list":["post-1698","post","type-post","status-publish","format-standard","has-post-thumbnail","hentry","category-1r","category-portada","category-primaria","tag-descoberta","tag-hort","tag-tardor"],"post_mailing_queue_ids":[],"_links":{"self":[{"href":"https:\/\/agora.xtec.cat\/escola-solivent\/wp-json\/wp\/v2\/posts\/1698","targetHints":{"allow":["GET"]}}],"collection":[{"href":"https:\/\/agora.xtec.cat\/escola-solivent\/wp-json\/wp\/v2\/posts"}],"about":[{"href":"https:\/\/agora.xtec.cat\/escola-solivent\/wp-json\/wp\/v2\/types\/post"}],"author":[{"embeddable":true,"href":"https:\/\/agora.xtec.cat\/escola-solivent\/wp-json\/wp\/v2\/users\/1"}],"replies":[{"embeddable":true,"href":"https:\/\/agora.xtec.cat\/escola-solivent\/wp-json\/wp\/v2\/comments?post=1698"}],"version-history":[{"count":2,"href":"https:\/\/agora.xtec.cat\/escola-solivent\/wp-json\/wp\/v2\/posts\/1698\/revisions"}],"predecessor-version":[{"id":1701,"href":"https:\/\/agora.xtec.cat\/escola-solivent\/wp-json\/wp\/v2\/posts\/1698\/revisions\/1701"}],"wp:featuredmedia":[{"embeddable":true,"href":"https:\/\/agora.xtec.cat\/escola-solivent\/wp-json\/wp\/v2\/media\/1699"}],"wp:attachment":[{"href":"https:\/\/agora.xtec.cat\/escola-solivent\/wp-json\/wp\/v2\/media?parent=1698"}],"wp:term":[{"taxonomy":"category","embeddable":true,"href":"https:\/\/agora.xtec.cat\/escola-solivent\/wp-json\/wp\/v2\/categories?post=1698"},{"taxonomy":"post_tag","embeddable":true,"href":"https:\/\/agora.xtec.cat\/escola-solivent\/wp-json\/wp\/v2\/tags?post=1698"}],"curies":[{"name":"wp","href":"https:\/\/api.w.org\/{rel}","templated":true}]}}