{"id":1621,"date":"2018-06-20T00:11:39","date_gmt":"2018-06-19T22:11:39","guid":{"rendered":"http:\/\/agora.xtec.cat\/escola-solivent\/?p=1621"},"modified":"2018-06-20T00:11:48","modified_gmt":"2018-06-19T22:11:48","slug":"radio-vilafant","status":"publish","type":"post","link":"https:\/\/agora.xtec.cat\/escola-solivent\/general\/radio-vilafant\/","title":{"rendered":"R\u00c0DIO VILAFANT"},"content":{"rendered":"<p>Avui el grup de quart de prim\u00e0ria hem anat a visitar els estudis de R\u00e0dio Vilafant. L&#8217;Ivan Yerpes i la Merc\u00e8 Munt ens han deixat formar del seu programa Quin mat\u00ed!<\/p>\n<p>Des de classe de llengua hem preparat els temes sobre els quals hem parlat: sortides escolars, setmana cultural i apadrinaments lectors.<\/p>\n<div dir=\"auto\">Aqu\u00ed us deixem un video amb el recull de fotos i si ens voleu tornar a escoltar ho podeu fer a trav\u00e9s de la web:\u00a0<a href=\"http:\/\/www.radiovilafant.net\/radio-a-la-carta\/\" target=\"_blank\" rel=\"noopener noreferrer\" data-saferedirecturl=\"https:\/\/www.google.com\/url?hl=ca&amp;q=http:\/\/www.radiovilafant.net\/radio-a-la-carta\/&amp;source=gmail&amp;ust=1529532184766000&amp;usg=AFQjCNFlhdaRLT37S1FqTfcdwYVjELIIVw\">http:\/\/www.radiovilafant.net\/<wbr \/>radio-a-la-carta\/<\/a><\/div>\n<div dir=\"auto\"><\/div>\n<div dir=\"auto\"><\/div>\n<div dir=\"auto\"><\/div>\n<p><iframe loading=\"lazy\" src=\"https:\/\/www.youtube.com\/embed\/LySPnReoyqY\" width=\"560\" height=\"315\" frameborder=\"0\" allowfullscreen=\"allowfullscreen\"><\/iframe><\/p>\n","protected":false},"excerpt":{"rendered":"<p>Avui el grup de quart de prim\u00e0ria hem anat a visitar els estudis de R\u00e0dio Vilafant. L&#8217;Ivan Yerpes i la Merc\u00e8 Munt ens han deixat formar del seu programa Quin mat\u00ed!<br \/>\nDes de classe de llengua hem preparat els temes sobre els quals hem parlat: sortides&hellip;  <a href=\"https:\/\/agora.xtec.cat\/escola-solivent\/general\/radio-vilafant\/\" title=\"Read R\u00c0DIO VILAFANT\">Llegeix m\u00e9s\u00bb<\/a><\/p>\n","protected":false},"author":1,"featured_media":1622,"comment_status":"open","ping_status":"closed","sticky":false,"template":"","format":"standard","meta":{"_bbp_topic_count":0,"_bbp_reply_count":0,"_bbp_total_topic_count":0,"_bbp_total_reply_count":0,"_bbp_voice_count":0,"_bbp_anonymous_reply_count":0,"_bbp_topic_count_hidden":0,"_bbp_reply_count_hidden":0,"_bbp_forum_subforum_count":0,"footnotes":""},"categories":[13,1,4,5],"tags":[],"class_list":["post-1621","post","type-post","status-publish","format-standard","has-post-thumbnail","hentry","category-4t","category-general","category-portada","category-primaria"],"post_mailing_queue_ids":[],"_links":{"self":[{"href":"https:\/\/agora.xtec.cat\/escola-solivent\/wp-json\/wp\/v2\/posts\/1621","targetHints":{"allow":["GET"]}}],"collection":[{"href":"https:\/\/agora.xtec.cat\/escola-solivent\/wp-json\/wp\/v2\/posts"}],"about":[{"href":"https:\/\/agora.xtec.cat\/escola-solivent\/wp-json\/wp\/v2\/types\/post"}],"author":[{"embeddable":true,"href":"https:\/\/agora.xtec.cat\/escola-solivent\/wp-json\/wp\/v2\/users\/1"}],"replies":[{"embeddable":true,"href":"https:\/\/agora.xtec.cat\/escola-solivent\/wp-json\/wp\/v2\/comments?post=1621"}],"version-history":[{"count":1,"href":"https:\/\/agora.xtec.cat\/escola-solivent\/wp-json\/wp\/v2\/posts\/1621\/revisions"}],"predecessor-version":[{"id":1623,"href":"https:\/\/agora.xtec.cat\/escola-solivent\/wp-json\/wp\/v2\/posts\/1621\/revisions\/1623"}],"wp:featuredmedia":[{"embeddable":true,"href":"https:\/\/agora.xtec.cat\/escola-solivent\/wp-json\/wp\/v2\/media\/1622"}],"wp:attachment":[{"href":"https:\/\/agora.xtec.cat\/escola-solivent\/wp-json\/wp\/v2\/media?parent=1621"}],"wp:term":[{"taxonomy":"category","embeddable":true,"href":"https:\/\/agora.xtec.cat\/escola-solivent\/wp-json\/wp\/v2\/categories?post=1621"},{"taxonomy":"post_tag","embeddable":true,"href":"https:\/\/agora.xtec.cat\/escola-solivent\/wp-json\/wp\/v2\/tags?post=1621"}],"curies":[{"name":"wp","href":"https:\/\/api.w.org\/{rel}","templated":true}]}}