{"id":1608,"date":"2018-06-18T16:06:07","date_gmt":"2018-06-18T14:06:07","guid":{"rendered":"http:\/\/agora.xtec.cat\/escola-solivent\/?p=1608"},"modified":"2018-06-18T16:06:07","modified_gmt":"2018-06-18T14:06:07","slug":"cantania","status":"publish","type":"post","link":"https:\/\/agora.xtec.cat\/escola-solivent\/general\/cantania\/","title":{"rendered":"CANT\u00c0NIA"},"content":{"rendered":"<p class=\"western\" lang=\"es-ES\"><span style=\"font-family: Arial, serif;\"><span style=\"font-size: medium;\">Aquest any, els alumnes de cinqu\u00e8 curs van participar en el Cant\u00e0nia, titulat Part\u00edcules. En la Cantata es parlava de l&#8217;origen i l&#8217;evoluci\u00f3 de l&#8217;univers.<\/span><\/span><\/p>\n<p class=\"western\" lang=\"es-ES\"><span style=\"font-family: Arial, serif;\"><span style=\"font-size: medium;\">Durant part del segon i tercer trimestre, i amb molt esfor\u00e7, han estat treballant per poder realitzar un bon concert, el qual van aconseguir el dia 27 de maig.<\/span><\/span><\/p>\n<p class=\"western\" lang=\"es-ES\"><span style=\"font-family: Arial, serif;\"><span style=\"font-size: medium;\">Aquest dia tots vam gaudir molt\u00edssim i, encara que l&#8217;assaig i el concert van durar dues hores, es va fer molt curt.<\/span><\/span><\/p>\n<p class=\"western\" lang=\"es-ES\"><a href=\"https:\/\/photos.app.goo.gl\/Rs6rtoJ7T334avh5A\"><span style=\"font-family: Arial, serif; font-size: medium;\">FOTOS<\/span><\/a><\/p>\n<p class=\"western\" lang=\"es-ES\"><span style=\"font-family: Arial, serif;\"><span style=\"font-size: medium;\">Finalment, agrair la participaci\u00f3 dels alumnes i de les seves fam\u00edlies, i felicitar-los pel treball realitzat.<\/span><\/span><\/p>\n<p class=\"western\" lang=\"es-ES\"><span style=\"font-family: Arial, serif;\"><span style=\"font-size: medium;\">A m\u00e9s, agrair a Jordi Blanco Punt\u00ed per la foto en la qual apareixen els participants del grup de 5\u00e8 de l&#8217;Escola Sol i Vent.<\/span><\/span><\/p>\n","protected":false},"excerpt":{"rendered":"<p>Aquest any, els alumnes de cinqu\u00e8 curs van participar en el Cant\u00e0nia, titulat Part\u00edcules. En la Cantata es parlava de l&#8217;origen i l&#8217;evoluci\u00f3 de l&#8217;univers.<br \/>\nDurant part del segon i tercer trimestre, i amb molt esfor\u00e7, han estat treballant per poder realitzar un bon concert, el&hellip;  <a href=\"https:\/\/agora.xtec.cat\/escola-solivent\/general\/cantania\/\" title=\"Read CANT\u00c0NIA\">Llegeix m\u00e9s\u00bb<\/a><\/p>\n","protected":false},"author":1,"featured_media":1609,"comment_status":"open","ping_status":"closed","sticky":false,"template":"","format":"standard","meta":{"_bbp_topic_count":0,"_bbp_reply_count":0,"_bbp_total_topic_count":0,"_bbp_total_reply_count":0,"_bbp_voice_count":0,"_bbp_anonymous_reply_count":0,"_bbp_topic_count_hidden":0,"_bbp_reply_count_hidden":0,"_bbp_forum_subforum_count":0,"footnotes":""},"categories":[14,1,4,5],"tags":[],"class_list":["post-1608","post","type-post","status-publish","format-standard","has-post-thumbnail","hentry","category-5e","category-general","category-portada","category-primaria"],"post_mailing_queue_ids":[],"_links":{"self":[{"href":"https:\/\/agora.xtec.cat\/escola-solivent\/wp-json\/wp\/v2\/posts\/1608","targetHints":{"allow":["GET"]}}],"collection":[{"href":"https:\/\/agora.xtec.cat\/escola-solivent\/wp-json\/wp\/v2\/posts"}],"about":[{"href":"https:\/\/agora.xtec.cat\/escola-solivent\/wp-json\/wp\/v2\/types\/post"}],"author":[{"embeddable":true,"href":"https:\/\/agora.xtec.cat\/escola-solivent\/wp-json\/wp\/v2\/users\/1"}],"replies":[{"embeddable":true,"href":"https:\/\/agora.xtec.cat\/escola-solivent\/wp-json\/wp\/v2\/comments?post=1608"}],"version-history":[{"count":1,"href":"https:\/\/agora.xtec.cat\/escola-solivent\/wp-json\/wp\/v2\/posts\/1608\/revisions"}],"predecessor-version":[{"id":1610,"href":"https:\/\/agora.xtec.cat\/escola-solivent\/wp-json\/wp\/v2\/posts\/1608\/revisions\/1610"}],"wp:featuredmedia":[{"embeddable":true,"href":"https:\/\/agora.xtec.cat\/escola-solivent\/wp-json\/wp\/v2\/media\/1609"}],"wp:attachment":[{"href":"https:\/\/agora.xtec.cat\/escola-solivent\/wp-json\/wp\/v2\/media?parent=1608"}],"wp:term":[{"taxonomy":"category","embeddable":true,"href":"https:\/\/agora.xtec.cat\/escola-solivent\/wp-json\/wp\/v2\/categories?post=1608"},{"taxonomy":"post_tag","embeddable":true,"href":"https:\/\/agora.xtec.cat\/escola-solivent\/wp-json\/wp\/v2\/tags?post=1608"}],"curies":[{"name":"wp","href":"https:\/\/api.w.org\/{rel}","templated":true}]}}