{"id":1605,"date":"2018-06-16T18:44:50","date_gmt":"2018-06-16T16:44:50","guid":{"rendered":"http:\/\/agora.xtec.cat\/escola-solivent\/?p=1605"},"modified":"2018-06-16T18:46:14","modified_gmt":"2018-06-16T16:46:14","slug":"bicicletada-5e-i-6e","status":"publish","type":"post","link":"https:\/\/agora.xtec.cat\/escola-solivent\/general\/bicicletada-5e-i-6e\/","title":{"rendered":"BICICLETADA 5\u00e8 I 6\u00e8"},"content":{"rendered":"<p>La setmana passada els alumnes i les alumnes de cicle superior vam fer la tradicional sortida amb bicicleta. Una activitat programada des de l&#8217;\u00e0rea d&#8217;educaci\u00f3 f\u00edsica. Ens vam cansar molt per\u00f2 ens ho vam passar genial.<\/p>\n<p>&nbsp;<\/p>\n<p><a href=\"https:\/\/photos.app.goo.gl\/Hrar8v7Yjmia392J6\">Fotografies<\/a><\/p>\n","protected":false},"excerpt":{"rendered":"<p>La setmana passada els alumnes i les alumnes de cicle superior vam fer la tradicional sortida amb bicicleta. Una activitat programada des de l&#8217;\u00e0rea d&#8217;educaci\u00f3 f\u00edsica. Ens vam cansar molt per\u00f2 ens ho vam passar genial.<br \/>\n&nbsp;<br \/>\n<a href=\"https:\/\/photos.app.goo.gl\/Hrar8v7Yjmia392J6\">Fotografies<\/a><\/p>\n","protected":false},"author":1,"featured_media":1606,"comment_status":"open","ping_status":"closed","sticky":false,"template":"","format":"standard","meta":{"_bbp_topic_count":0,"_bbp_reply_count":0,"_bbp_total_topic_count":0,"_bbp_total_reply_count":0,"_bbp_voice_count":0,"_bbp_anonymous_reply_count":0,"_bbp_topic_count_hidden":0,"_bbp_reply_count_hidden":0,"_bbp_forum_subforum_count":0,"footnotes":""},"categories":[14,15,1,4,5],"tags":[],"class_list":["post-1605","post","type-post","status-publish","format-standard","has-post-thumbnail","hentry","category-5e","category-6e","category-general","category-portada","category-primaria"],"post_mailing_queue_ids":[],"_links":{"self":[{"href":"https:\/\/agora.xtec.cat\/escola-solivent\/wp-json\/wp\/v2\/posts\/1605","targetHints":{"allow":["GET"]}}],"collection":[{"href":"https:\/\/agora.xtec.cat\/escola-solivent\/wp-json\/wp\/v2\/posts"}],"about":[{"href":"https:\/\/agora.xtec.cat\/escola-solivent\/wp-json\/wp\/v2\/types\/post"}],"author":[{"embeddable":true,"href":"https:\/\/agora.xtec.cat\/escola-solivent\/wp-json\/wp\/v2\/users\/1"}],"replies":[{"embeddable":true,"href":"https:\/\/agora.xtec.cat\/escola-solivent\/wp-json\/wp\/v2\/comments?post=1605"}],"version-history":[{"count":1,"href":"https:\/\/agora.xtec.cat\/escola-solivent\/wp-json\/wp\/v2\/posts\/1605\/revisions"}],"predecessor-version":[{"id":1607,"href":"https:\/\/agora.xtec.cat\/escola-solivent\/wp-json\/wp\/v2\/posts\/1605\/revisions\/1607"}],"wp:featuredmedia":[{"embeddable":true,"href":"https:\/\/agora.xtec.cat\/escola-solivent\/wp-json\/wp\/v2\/media\/1606"}],"wp:attachment":[{"href":"https:\/\/agora.xtec.cat\/escola-solivent\/wp-json\/wp\/v2\/media?parent=1605"}],"wp:term":[{"taxonomy":"category","embeddable":true,"href":"https:\/\/agora.xtec.cat\/escola-solivent\/wp-json\/wp\/v2\/categories?post=1605"},{"taxonomy":"post_tag","embeddable":true,"href":"https:\/\/agora.xtec.cat\/escola-solivent\/wp-json\/wp\/v2\/tags?post=1605"}],"curies":[{"name":"wp","href":"https:\/\/api.w.org\/{rel}","templated":true}]}}