{"id":1568,"date":"2018-06-11T21:08:31","date_gmt":"2018-06-11T19:08:31","guid":{"rendered":"http:\/\/agora.xtec.cat\/escola-solivent\/?p=1568"},"modified":"2018-06-11T21:08:31","modified_gmt":"2018-06-11T19:08:31","slug":"l-alzina-de-la-font-de-can-massanet","status":"publish","type":"post","link":"https:\/\/agora.xtec.cat\/escola-solivent\/general\/l-alzina-de-la-font-de-can-massanet\/","title":{"rendered":"L&#8217; ALZINA DE LA FONT DE CAN MASSANET"},"content":{"rendered":"<p>Els nens i nenes de segon han anat d\u2019excursi\u00f3 a la Font de Can Massanet de Vilafant. Ho han fet caminant perqu\u00e8 \u00e9s molt a prop de l\u2019escola. Pel cam\u00ed hem vist horts i moltes ortigues fins arribar a la font natural que brolla al peu de l&#8217; alzina de Can Massanet, un arbre centenari , d&#8217;uns 18 metres d&#8217;al\u00e7\u00e0ria i una cap\u00e7ada de 23 metres. El tronc est\u00e0 una mica inclinat i es fixa al marge del cam\u00ed amb unes grans arrels que es poden veure i tocar. Degut al gran pes d&#8217;algunes branques hi han col\u00b7locat un puntal de fusta. L&#8217;alzina est\u00e0 protegida perqu\u00e8 est\u00e0 catalogada com a arbre monumental des del 1991.<\/p>\n<p><a href=\"https:\/\/photos.app.goo.gl\/XbXghHML4M8YKBRFA\">M\u00e9s fotografies.\u00a0<\/a><\/p>\n","protected":false},"excerpt":{"rendered":"<p>Els nens i nenes de segon han anat d\u2019excursi\u00f3 a la Font de Can Massanet de Vilafant. Ho han fet caminant perqu\u00e8 \u00e9s molt a prop de l\u2019escola. Pel cam\u00ed hem vist horts i moltes ortigues fins arribar a la font natural que brolla al&hellip;  <a href=\"https:\/\/agora.xtec.cat\/escola-solivent\/general\/l-alzina-de-la-font-de-can-massanet\/\" title=\"Read L&#8217; ALZINA DE LA FONT DE CAN MASSANET\">Llegeix m\u00e9s\u00bb<\/a><\/p>\n","protected":false},"author":1,"featured_media":1569,"comment_status":"open","ping_status":"closed","sticky":false,"template":"","format":"standard","meta":{"_bbp_topic_count":0,"_bbp_reply_count":0,"_bbp_total_topic_count":0,"_bbp_total_reply_count":0,"_bbp_voice_count":0,"_bbp_anonymous_reply_count":0,"_bbp_topic_count_hidden":0,"_bbp_reply_count_hidden":0,"_bbp_forum_subforum_count":0,"footnotes":""},"categories":[11,1,4,5],"tags":[],"class_list":["post-1568","post","type-post","status-publish","format-standard","has-post-thumbnail","hentry","category-2n","category-general","category-portada","category-primaria"],"post_mailing_queue_ids":[],"_links":{"self":[{"href":"https:\/\/agora.xtec.cat\/escola-solivent\/wp-json\/wp\/v2\/posts\/1568","targetHints":{"allow":["GET"]}}],"collection":[{"href":"https:\/\/agora.xtec.cat\/escola-solivent\/wp-json\/wp\/v2\/posts"}],"about":[{"href":"https:\/\/agora.xtec.cat\/escola-solivent\/wp-json\/wp\/v2\/types\/post"}],"author":[{"embeddable":true,"href":"https:\/\/agora.xtec.cat\/escola-solivent\/wp-json\/wp\/v2\/users\/1"}],"replies":[{"embeddable":true,"href":"https:\/\/agora.xtec.cat\/escola-solivent\/wp-json\/wp\/v2\/comments?post=1568"}],"version-history":[{"count":1,"href":"https:\/\/agora.xtec.cat\/escola-solivent\/wp-json\/wp\/v2\/posts\/1568\/revisions"}],"predecessor-version":[{"id":1570,"href":"https:\/\/agora.xtec.cat\/escola-solivent\/wp-json\/wp\/v2\/posts\/1568\/revisions\/1570"}],"wp:featuredmedia":[{"embeddable":true,"href":"https:\/\/agora.xtec.cat\/escola-solivent\/wp-json\/wp\/v2\/media\/1569"}],"wp:attachment":[{"href":"https:\/\/agora.xtec.cat\/escola-solivent\/wp-json\/wp\/v2\/media?parent=1568"}],"wp:term":[{"taxonomy":"category","embeddable":true,"href":"https:\/\/agora.xtec.cat\/escola-solivent\/wp-json\/wp\/v2\/categories?post=1568"},{"taxonomy":"post_tag","embeddable":true,"href":"https:\/\/agora.xtec.cat\/escola-solivent\/wp-json\/wp\/v2\/tags?post=1568"}],"curies":[{"name":"wp","href":"https:\/\/api.w.org\/{rel}","templated":true}]}}