{"id":1531,"date":"2018-06-04T16:49:15","date_gmt":"2018-06-04T14:49:15","guid":{"rendered":"http:\/\/agora.xtec.cat\/escola-solivent\/?p=1531"},"modified":"2018-06-04T16:49:15","modified_gmt":"2018-06-04T14:49:15","slug":"3r-visita-lajuntament-de-vilafant","status":"publish","type":"post","link":"https:\/\/agora.xtec.cat\/escola-solivent\/general\/3r-visita-lajuntament-de-vilafant\/","title":{"rendered":"3r VISITA L&#8217;AJUNTAMENT DE VILAFANT."},"content":{"rendered":"<p>ENTREVISTA A LA SRA. CONSOL CANTENYS, ALCALDESSA DE VILAFANT<\/p>\n<table width=\"662\" cellspacing=\"0\" cellpadding=\"7\">\n<colgroup>\n<col width=\"165\" \/>\n<col width=\"468\" \/> <\/colgroup>\n<tbody>\n<tr valign=\"top\">\n<td width=\"165\">\n<ol>\n<li>\n<p lang=\"ca-ES\"><span style=\"font-family: Arial, sans-serif;\"><span style=\"font-size: medium;\">Joan Ba\u00f1os<\/span><\/span><\/p>\n<\/li>\n<\/ol>\n<\/td>\n<td width=\"468\">\n<ul>\n<li>\n<p lang=\"ca-ES\"><b>Com ho feu per posar-vos d\u2019acord per decidir les coses?<\/b><\/p>\n<\/li>\n<li>\n<p lang=\"ca-ES\"><i>Votant les propostes<\/i><\/p>\n<\/li>\n<\/ul>\n<\/td>\n<\/tr>\n<tr valign=\"top\">\n<td width=\"165\">\n<ol start=\"2\">\n<li>\n<p lang=\"ca-ES\"><span style=\"font-family: Arial, sans-serif;\"><span style=\"font-size: medium;\">Carles Barn\u00e9s<\/span><\/span><\/p>\n<\/li>\n<\/ol>\n<\/td>\n<td width=\"468\">\n<ul>\n<li>\n<p lang=\"ca-ES\"><b>Abans que tu, qui era l\u2019alcalde?<\/b><\/p>\n<\/li>\n<li>\n<p lang=\"ca-ES\"><i>La senyora Pepi Comalada.<\/i><\/p>\n<\/li>\n<\/ul>\n<\/td>\n<\/tr>\n<tr valign=\"top\">\n<td width=\"165\">\n<ol start=\"3\">\n<li>\n<p lang=\"ca-ES\"><span style=\"font-family: Arial, sans-serif;\"><span style=\"font-size: medium;\">Rub\u00e9n Cabrera<\/span><\/span><\/p>\n<\/li>\n<\/ol>\n<\/td>\n<td width=\"468\">\n<ul>\n<li>\n<p lang=\"ca-ES\"><b>Com es diu el teu home?<\/b><\/p>\n<\/li>\n<li>\n<p lang=\"ca-ES\"><i>No tinc parella.<\/i><\/p>\n<\/li>\n<\/ul>\n<\/td>\n<\/tr>\n<tr valign=\"top\">\n<td width=\"165\">\n<ol start=\"4\">\n<li>\n<p lang=\"ca-ES\"><span style=\"font-family: Arial, sans-serif;\"><span style=\"font-size: medium;\">Martina C.<\/span><\/span><\/p>\n<\/li>\n<\/ol>\n<\/td>\n<td width=\"468\">\n<ul>\n<li>\n<p lang=\"ca-ES\"><b>Per qu\u00e8 no es posen c\u00e0meres en els sem\u00e0fors?<\/b><\/p>\n<\/li>\n<li><span lang=\"ca-ES\"><i>Perqu\u00e8 ho porta el Ministeri de Foment.<\/i><\/span><\/li>\n<\/ul>\n<\/td>\n<\/tr>\n<tr valign=\"top\">\n<td width=\"165\">\n<ol start=\"5\">\n<li>\n<p lang=\"ca-ES\"><span style=\"font-family: Arial, sans-serif;\"><span style=\"font-size: medium;\">Biel Company<\/span><\/span><\/p>\n<\/li>\n<\/ol>\n<\/td>\n<td width=\"468\">\n<ul>\n<li><span lang=\"ca-ES\"><b>A qu\u00e8 et dedicaves abans de ser alcaldessa<\/b><\/span><\/li>\n<li>\n<p lang=\"ca-ES\"><i>Treballava als jutjats.<\/i><\/p>\n<\/li>\n<\/ul>\n<\/td>\n<\/tr>\n<tr valign=\"top\">\n<td width=\"165\">\n<ol start=\"6\">\n<li>\n<p lang=\"ca-ES\"><span style=\"font-family: Arial, sans-serif;\"><span style=\"font-size: medium;\">Borja Company<\/span><\/span><\/p>\n<\/li>\n<\/ol>\n<\/td>\n<td width=\"468\">\n<ul>\n<li>\n<p lang=\"ca-ES\"><b>Com era l\u2019ajuntament abans?<\/b><\/p>\n<\/li>\n<li><span lang=\"ca-ES\"><i>Era estret i estava al lloc on ara hi ha r\u00e0dio Vilafant.<\/i><\/span><\/li>\n<\/ul>\n<\/td>\n<\/tr>\n<tr valign=\"top\">\n<td width=\"165\">\n<ol start=\"7\">\n<li>\n<p lang=\"ca-ES\"><span style=\"font-family: Arial, sans-serif;\"><span style=\"font-size: medium;\">Ana\u00efs Checa<\/span><\/span><\/p>\n<\/li>\n<\/ol>\n<\/td>\n<td width=\"468\">\n<ul>\n<li>\n<p lang=\"ca-ES\"><b>Quantes hores treballes?<\/b><\/p>\n<\/li>\n<li><span lang=\"ca-ES\"><i>Dep\u00e8n dels dies <\/i><\/span><\/li>\n<\/ul>\n<\/td>\n<\/tr>\n<tr valign=\"top\">\n<td width=\"165\">\n<ol start=\"8\">\n<li>\n<p lang=\"ca-ES\"><span style=\"font-family: Arial, sans-serif;\"><span style=\"font-size: medium;\">\u00c1frica Duran<\/span><\/span><\/p>\n<\/li>\n<\/ol>\n<\/td>\n<td width=\"468\">\n<ul>\n<li>\n<p lang=\"ca-ES\"><b>T\u2019agrada ser alcaldessa?<\/b><\/p>\n<\/li>\n<li>\n<p lang=\"ca-ES\"><i>S\u00ed molt.<\/i><\/p>\n<\/li>\n<\/ul>\n<\/td>\n<\/tr>\n<tr valign=\"top\">\n<td width=\"165\">\n<ol start=\"9\">\n<li>\n<p lang=\"ca-ES\"><span style=\"font-family: Arial, sans-serif;\"><span style=\"font-size: medium;\">Aaron Espina<\/span><\/span><\/p>\n<\/li>\n<\/ol>\n<\/td>\n<td width=\"468\">\n<ul>\n<li>\n<p lang=\"ca-ES\"><b>Quants anys fa que ets alcaldessa?<\/b><\/p>\n<\/li>\n<li><span lang=\"ca-ES\"><i>9 anys .<\/i><\/span><\/li>\n<\/ul>\n<\/td>\n<\/tr>\n<tr valign=\"top\">\n<td width=\"165\">\n<ol start=\"10\">\n<li>\n<p lang=\"ca-ES\"><span style=\"font-family: Arial, sans-serif;\"><span style=\"font-size: medium;\">Jos\u00e9 F.<\/span><\/span><\/p>\n<\/li>\n<\/ol>\n<\/td>\n<td width=\"468\">\n<ul>\n<li>\n<p lang=\"ca-ES\"><b>Per qu\u00e8 l\u2019estaci\u00f3 de l\u2019AVE es diu Figueres-Vilafant si est\u00e0 a Vilafant?<\/b><\/p>\n<\/li>\n<li>\n<p lang=\"ca-ES\"><i>Perqu\u00e8 Figueres \u00e9s m\u00e9s conegut i \u00e9s la capital de Comarca.<\/i><\/p>\n<\/li>\n<\/ul>\n<\/td>\n<\/tr>\n<tr valign=\"top\">\n<td width=\"165\">\n<ol start=\"11\">\n<li>\n<p lang=\"ca-ES\"><span style=\"font-family: Arial, sans-serif;\"><span style=\"font-size: medium;\">Griselda Font<\/span><\/span><\/p>\n<\/li>\n<\/ol>\n<\/td>\n<td width=\"468\">\n<ul>\n<li><span lang=\"ca-ES\"><b>Quants anys fa que existeix l\u2019actual l\u2019edifici de l\u2019ajuntament?<\/b><\/span><\/li>\n<li><span lang=\"ca-ES\"><i>Es va construir l\u2019any 1995, per tant t\u00e9 23 anys.<\/i><\/span><\/li>\n<\/ul>\n<\/td>\n<\/tr>\n<tr valign=\"top\">\n<td width=\"165\">\n<ol start=\"12\">\n<li>\n<p lang=\"ca-ES\"><span style=\"font-family: Arial, sans-serif;\"><span style=\"font-size: medium;\">Mireia G\u00e1lvez<\/span><\/span><\/p>\n<\/li>\n<\/ol>\n<\/td>\n<td width=\"468\">\n<ul>\n<li>\n<p lang=\"ca-ES\"><b>Per qu\u00e8 s\u2019han de pagar impostos? Per qu\u00e8 s\u00f3n tan cars?<\/b><\/p>\n<\/li>\n<li><span lang=\"ca-ES\"><i>Perqu\u00e8 l\u00b4ajuntament no tindria diners i no podria pagar els serveis del poble.<\/i><\/span><\/li>\n<\/ul>\n<\/td>\n<\/tr>\n<tr valign=\"top\">\n<td width=\"165\">\n<ol start=\"13\">\n<li>\n<p lang=\"ca-ES\"><span style=\"font-family: Arial, sans-serif;\"><span style=\"font-size: medium;\">Leire Herrera<\/span><\/span><\/p>\n<\/li>\n<\/ol>\n<\/td>\n<td width=\"468\">\n<ul>\n<li>\n<p lang=\"ca-ES\"><b>Alg\u00fa de la teva fam\u00edlia abans ha estat alcalde?<\/b><\/p>\n<\/li>\n<li><span lang=\"ca-ES\"><i>S\u00ed, el meu pare va ser alcalde d\u2019Albany\u00e0.<\/i><\/span><\/li>\n<\/ul>\n<\/td>\n<\/tr>\n<tr valign=\"top\">\n<td width=\"165\">\n<ol start=\"14\">\n<li>\n<p lang=\"ca-ES\"><span style=\"font-family: Arial, sans-serif;\"><span style=\"font-size: medium;\">Vladi Jim\u00e9nez<\/span><\/span><\/p>\n<\/li>\n<\/ol>\n<\/td>\n<td width=\"468\">\n<ul>\n<li><span lang=\"ca-ES\"><b>Com vas arribar fins a ser alcaldessa.<\/b><\/span><\/li>\n<li><span lang=\"ca-ES\"><i>Em vaig presentar a les eleccions i vaig guanyar<\/i><\/span><span lang=\"ca-ES\"><b>.<\/b><\/span><\/li>\n<\/ul>\n<\/td>\n<\/tr>\n<tr valign=\"top\">\n<td width=\"165\">\n<ol start=\"15\">\n<li>\n<p lang=\"ca-ES\"><span style=\"font-family: Arial, sans-serif;\"><span style=\"font-size: medium;\">\u00c8ric Lagrifa<\/span><\/span><\/p>\n<\/li>\n<\/ol>\n<\/td>\n<td width=\"468\">\n<ul>\n<li>\n<p lang=\"ca-ES\"><b>On vius?<\/b><\/p>\n<\/li>\n<li><span lang=\"ca-ES\"><i>En els Camps dels Enginyers.<\/i><\/span><\/li>\n<\/ul>\n<\/td>\n<\/tr>\n<tr valign=\"top\">\n<td width=\"165\">\n<ol start=\"16\">\n<li>\n<p lang=\"ca-ES\"><span style=\"font-family: Arial, sans-serif;\"><span style=\"font-size: medium;\">Mireia Mart\u00edn<\/span><\/span><\/p>\n<\/li>\n<\/ol>\n<\/td>\n<td width=\"468\">\n<ul>\n<li>\n<p lang=\"ca-ES\"><b>Quants habitants t\u00e9 Vilafant?<\/b><\/p>\n<\/li>\n<li><span lang=\"ca-ES\"><i>Ara en t\u00e9 5530 .<\/i><\/span><\/li>\n<\/ul>\n<\/td>\n<\/tr>\n<tr valign=\"top\">\n<td width=\"165\">\n<ol start=\"17\">\n<li>\n<p lang=\"ca-ES\"><span style=\"font-family: Arial, sans-serif;\"><span style=\"font-size: medium;\">Juan Carlos M.<\/span><\/span><\/p>\n<\/li>\n<\/ol>\n<\/td>\n<td width=\"468\">\n<ul>\n<li>\n<p lang=\"ca-ES\"><b>Et va fer vergonya la primera entrevista que et van fer?<\/b><\/p>\n<\/li>\n<li><span lang=\"ca-ES\"><i>Si molta.<\/i><\/span><\/li>\n<\/ul>\n<\/td>\n<\/tr>\n<tr valign=\"top\">\n<td width=\"165\">\n<ol start=\"18\">\n<li>\n<p lang=\"ca-ES\"><span style=\"font-family: Arial, sans-serif;\"><span style=\"font-size: medium;\">Sergi P\u00e9rez<\/span><\/span><\/p>\n<\/li>\n<\/ol>\n<\/td>\n<td width=\"468\">\n<ul>\n<li>\n<p lang=\"ca-ES\"><b>Per qu\u00e8 tarden tant les obres ?<\/b><\/p>\n<\/li>\n<li><span lang=\"ca-ES\"><i>Perqu\u00e8 s\u2019ha de treure tot i tornar a tapar-ho. <\/i><\/span><\/li>\n<\/ul>\n<\/td>\n<\/tr>\n<tr valign=\"top\">\n<td width=\"165\">\n<ol start=\"19\">\n<li>\n<p lang=\"ca-ES\"><span style=\"font-family: Arial, sans-serif;\"><span style=\"font-size: medium;\">Andrea P.<\/span><\/span><\/p>\n<\/li>\n<\/ol>\n<\/td>\n<td width=\"468\">\n<ul>\n<li>\n<p lang=\"ca-ES\"><b>Quan vas decidir presentar-te per ser alcaldessa?<\/b><\/p>\n<\/li>\n<li><span lang=\"ca-ES\"><i>Un dia m\u2019ho van preguntar, m\u2019ho vaig pensar i<\/i><\/span><\/li>\n<\/ul>\n<p><span lang=\"ca-ES\"><i>em vaig decidir presentar-me.<\/i><\/span><\/td>\n<\/tr>\n<tr valign=\"top\">\n<td width=\"165\">\n<ol start=\"20\">\n<li>\n<p lang=\"ca-ES\"><span style=\"font-family: Arial, sans-serif;\"><span style=\"font-size: medium;\">Jan Puns\u00ed<\/span><\/span><\/p>\n<\/li>\n<\/ol>\n<\/td>\n<td width=\"468\">\n<ul>\n<li>\n<p lang=\"ca-ES\"><b>Quants fills tens?<\/b><\/p>\n<\/li>\n<li><span lang=\"ca-ES\"><i>3 fills: 2 nenes i 1 nen .<\/i><\/span><\/li>\n<\/ul>\n<\/td>\n<\/tr>\n<tr valign=\"top\">\n<td width=\"165\">\n<ol start=\"21\">\n<li>\n<p lang=\"ca-ES\"><span style=\"font-family: Arial, sans-serif;\"><span style=\"font-size: medium;\">Lois Rizo<\/span><\/span><\/p>\n<\/li>\n<\/ol>\n<\/td>\n<td width=\"468\">\n<ul>\n<li><span lang=\"ca-ES\"><b>Que voldries ser a part d\u2019alcaldessa?<\/b><\/span><\/li>\n<li><span lang=\"ca-ES\"><i>Res m\u00e9s. M\u2019encanta ser alcaldessa.<\/i><\/span><\/li>\n<\/ul>\n<\/td>\n<\/tr>\n<tr valign=\"top\">\n<td width=\"165\">\n<ol start=\"22\">\n<li>\n<p lang=\"ca-ES\"><span style=\"font-family: Arial, sans-serif;\"><span style=\"font-size: medium;\">Aaron S.<\/span><\/span><\/p>\n<\/li>\n<\/ol>\n<\/td>\n<td width=\"468\">\n<ul>\n<li>\n<p lang=\"ca-ES\"><b>T\u2019agrada la feina que fas?<\/b><\/p>\n<\/li>\n<li><span lang=\"ca-ES\"><i>Si molt.<\/i><\/span><\/li>\n<\/ul>\n<\/td>\n<\/tr>\n<tr valign=\"top\">\n<td width=\"165\">\n<ol start=\"23\">\n<li>\n<p lang=\"ca-ES\"><span style=\"font-family: Arial, sans-serif;\"><span style=\"font-size: medium;\">Eloi Sors<\/span><\/span><\/p>\n<\/li>\n<\/ol>\n<\/td>\n<td width=\"468\">\n<ul>\n<li>\n<p lang=\"ca-ES\"><b>Com es va formar l\u2019escut de Vilafant?<\/b><\/p>\n<\/li>\n<li><span lang=\"ca-ES\"><i>Es van basar en antics pergamins.<\/i><\/span><\/li>\n<\/ul>\n<\/td>\n<\/tr>\n<tr valign=\"top\">\n<td width=\"165\">\n<ol start=\"24\">\n<li>\n<p lang=\"ca-ES\"><span style=\"font-family: Arial, sans-serif;\"><span style=\"font-size: medium;\">Ionelia U.<\/span><\/span><\/p>\n<\/li>\n<\/ol>\n<\/td>\n<td width=\"468\">\n<ul>\n<li>\n<p lang=\"ca-ES\"><b>Quants anys tens?<\/b><\/p>\n<\/li>\n<li>\n<p lang=\"ca-ES\"><i>55 anys<\/i><\/p>\n<\/li>\n<\/ul>\n<\/td>\n<\/tr>\n<tr valign=\"top\">\n<td width=\"165\">\n<ol start=\"25\">\n<li>\n<p lang=\"ca-ES\"><span style=\"font-family: Arial, sans-serif;\"><span style=\"font-size: medium;\">Aroa Valera<\/span><\/span><\/p>\n<\/li>\n<\/ol>\n<\/td>\n<td width=\"468\">\n<ul>\n<li>\n<p lang=\"ca-ES\"><b>On vas n\u00e9ixer?<\/b><\/p>\n<\/li>\n<li><span lang=\"ca-ES\"><i>Va n\u00e9ixer a la Cl\u00ednica de la Santa Creu, per\u00f2 s\u00f3c d\u2019Albany\u00e0.<\/i><\/span><\/li>\n<\/ul>\n<\/td>\n<\/tr>\n<tr valign=\"top\">\n<td width=\"165\" height=\"18\">\n<ol start=\"26\">\n<li>\n<p lang=\"ca-ES\"><span style=\"font-family: Arial, sans-serif;\"><span style=\"font-size: medium;\">Mar Vilardell<\/span><\/span><\/p>\n<\/li>\n<\/ol>\n<\/td>\n<td width=\"468\">\n<ul>\n<li>\n<p lang=\"ca-ES\"><b>Quants anys fa que es va fundar el poble de Vilafant?<\/b><\/p>\n<\/li>\n<li><span lang=\"ca-ES\"><i>Vilafant t\u00e9 1.000 anys o mes.<\/i><\/span><\/li>\n<\/ul>\n<\/td>\n<\/tr>\n<\/tbody>\n<\/table>\n<p>&nbsp;<\/p>\n<p>&nbsp;<\/p>\n<p><a href=\"https:\/\/photos.app.goo.gl\/73wK27Tt4K4W4LLS7\">Fotografies\u00a0<\/a><\/p>\n","protected":false},"excerpt":{"rendered":"<p>ENTREVISTA A LA SRA. CONSOL CANTENYS, ALCALDESSA DE VILAFANT<\/p>\n<ol>\n<li>\nJoan Ba\u00f1os\n<\/li>\n<\/ol>\n<ul>\n<li>\nCom ho feu per posar-vos d\u2019acord per decidir les coses?\n<\/li>\n<li>\nVotant les propostes\n<\/li>\n<\/ul>\n<ol start=\"2\">\n<li>\nCarles Barn\u00e9s\n<\/li>\n<\/ol>\n<ul>\n<li>\nAbans que tu, qui era l\u2019alcalde?\n<\/li>\n<li>\nLa senyora Pepi Comalada.\n<\/li>\n<\/ul>\n<ol start=\"3\">\n<li>\nRub\u00e9n Cabrera\n<\/li>\n<\/ol>\n<ul>\n<li>\nCom es diu el teu home?\n<\/li>\n<li>\nNo tinc parella.\n<\/li>\n<\/ul>\n<ol start=\"4\">\n<li>\nMartina C.\n<\/li>\n<\/ol>\n<ul>\n<li>\nPer qu\u00e8 no&hellip;  <a href=\"https:\/\/agora.xtec.cat\/escola-solivent\/general\/3r-visita-lajuntament-de-vilafant\/\" title=\"Read 3r VISITA L&#8217;AJUNTAMENT DE VILAFANT.\">Llegeix m\u00e9s\u00bb<\/a><\/p>\n","protected":false},"author":1,"featured_media":1532,"comment_status":"open","ping_status":"closed","sticky":false,"template":"","format":"standard","meta":{"_bbp_topic_count":0,"_bbp_reply_count":0,"_bbp_total_topic_count":0,"_bbp_total_reply_count":0,"_bbp_voice_count":0,"_bbp_anonymous_reply_count":0,"_bbp_topic_count_hidden":0,"_bbp_reply_count_hidden":0,"_bbp_forum_subforum_count":0,"footnotes":""},"categories":[12,1,4,5],"tags":[],"class_list":["post-1531","post","type-post","status-publish","format-standard","has-post-thumbnail","hentry","category-3r","category-general","category-portada","category-primaria"],"post_mailing_queue_ids":[],"_links":{"self":[{"href":"https:\/\/agora.xtec.cat\/escola-solivent\/wp-json\/wp\/v2\/posts\/1531","targetHints":{"allow":["GET"]}}],"collection":[{"href":"https:\/\/agora.xtec.cat\/escola-solivent\/wp-json\/wp\/v2\/posts"}],"about":[{"href":"https:\/\/agora.xtec.cat\/escola-solivent\/wp-json\/wp\/v2\/types\/post"}],"author":[{"embeddable":true,"href":"https:\/\/agora.xtec.cat\/escola-solivent\/wp-json\/wp\/v2\/users\/1"}],"replies":[{"embeddable":true,"href":"https:\/\/agora.xtec.cat\/escola-solivent\/wp-json\/wp\/v2\/comments?post=1531"}],"version-history":[{"count":1,"href":"https:\/\/agora.xtec.cat\/escola-solivent\/wp-json\/wp\/v2\/posts\/1531\/revisions"}],"predecessor-version":[{"id":1533,"href":"https:\/\/agora.xtec.cat\/escola-solivent\/wp-json\/wp\/v2\/posts\/1531\/revisions\/1533"}],"wp:featuredmedia":[{"embeddable":true,"href":"https:\/\/agora.xtec.cat\/escola-solivent\/wp-json\/wp\/v2\/media\/1532"}],"wp:attachment":[{"href":"https:\/\/agora.xtec.cat\/escola-solivent\/wp-json\/wp\/v2\/media?parent=1531"}],"wp:term":[{"taxonomy":"category","embeddable":true,"href":"https:\/\/agora.xtec.cat\/escola-solivent\/wp-json\/wp\/v2\/categories?post=1531"},{"taxonomy":"post_tag","embeddable":true,"href":"https:\/\/agora.xtec.cat\/escola-solivent\/wp-json\/wp\/v2\/tags?post=1531"}],"curies":[{"name":"wp","href":"https:\/\/api.w.org\/{rel}","templated":true}]}}