{"id":1356,"date":"2018-03-12T12:53:50","date_gmt":"2018-03-12T11:53:50","guid":{"rendered":"http:\/\/agora.xtec.cat\/escola-solivent\/?p=1356"},"modified":"2018-03-12T12:53:50","modified_gmt":"2018-03-12T11:53:50","slug":"collita-del-broquil-a-6e","status":"publish","type":"post","link":"https:\/\/agora.xtec.cat\/escola-solivent\/general\/collita-del-broquil-a-6e\/","title":{"rendered":"Collita del br\u00f2quil a 6\u00e8"},"content":{"rendered":"<p>Passat el temps necessari, quatre mesos i escaig despr\u00e9s de la plantaci\u00f3, hem pogut aplegar la collita de br\u00f2quil verd. \u00c9s una de les especialitats derivades del cultiu selectiu de la col silvestre i molt beneficiosa per la salut. Encara que no ens ho sembli, la part que cuinem \u00e9s la flor.<\/p>\n<p>Segur que heu sentit l\u2019expressi\u00f3 <strong>\u201cS\u2019ha acabat el br\u00f2quil!\u201d<\/strong> \u00a0que normalment es diu de forma concloent, vol significar que d\u2019una certa cosa, sigui objecte, diner o vida, ja no en queda m\u00e9s.<\/p>\n<p>Per cert, en aquesta anada a l\u2019hort, hem coincidit amb els nostres companys de P-3 i ens hi hem fet una foto de fam\u00edlia.<\/p>\n<p><a href=\"https:\/\/photos.app.goo.gl\/j4clXAzkT5UVAh8Y2\">FOTOGRAFIES\u00a0<\/a><\/p>\n","protected":false},"excerpt":{"rendered":"<p>Passat el temps necessari, quatre mesos i escaig despr\u00e9s de la plantaci\u00f3, hem pogut aplegar la collita de br\u00f2quil verd. \u00c9s una de les especialitats derivades del cultiu selectiu de la col silvestre i molt beneficiosa per la salut. Encara que no ens ho sembli,&hellip;  <a href=\"https:\/\/agora.xtec.cat\/escola-solivent\/general\/collita-del-broquil-a-6e\/\" title=\"Read Collita del br\u00f2quil a 6\u00e8\">Llegeix m\u00e9s\u00bb<\/a><\/p>\n","protected":false},"author":1,"featured_media":1357,"comment_status":"open","ping_status":"closed","sticky":false,"template":"","format":"standard","meta":{"_bbp_topic_count":0,"_bbp_reply_count":0,"_bbp_total_topic_count":0,"_bbp_total_reply_count":0,"_bbp_voice_count":0,"_bbp_anonymous_reply_count":0,"_bbp_topic_count_hidden":0,"_bbp_reply_count_hidden":0,"_bbp_forum_subforum_count":0,"footnotes":""},"categories":[15,1,4,5],"tags":[],"class_list":["post-1356","post","type-post","status-publish","format-standard","has-post-thumbnail","hentry","category-6e","category-general","category-portada","category-primaria"],"post_mailing_queue_ids":[],"_links":{"self":[{"href":"https:\/\/agora.xtec.cat\/escola-solivent\/wp-json\/wp\/v2\/posts\/1356","targetHints":{"allow":["GET"]}}],"collection":[{"href":"https:\/\/agora.xtec.cat\/escola-solivent\/wp-json\/wp\/v2\/posts"}],"about":[{"href":"https:\/\/agora.xtec.cat\/escola-solivent\/wp-json\/wp\/v2\/types\/post"}],"author":[{"embeddable":true,"href":"https:\/\/agora.xtec.cat\/escola-solivent\/wp-json\/wp\/v2\/users\/1"}],"replies":[{"embeddable":true,"href":"https:\/\/agora.xtec.cat\/escola-solivent\/wp-json\/wp\/v2\/comments?post=1356"}],"version-history":[{"count":1,"href":"https:\/\/agora.xtec.cat\/escola-solivent\/wp-json\/wp\/v2\/posts\/1356\/revisions"}],"predecessor-version":[{"id":1358,"href":"https:\/\/agora.xtec.cat\/escola-solivent\/wp-json\/wp\/v2\/posts\/1356\/revisions\/1358"}],"wp:featuredmedia":[{"embeddable":true,"href":"https:\/\/agora.xtec.cat\/escola-solivent\/wp-json\/wp\/v2\/media\/1357"}],"wp:attachment":[{"href":"https:\/\/agora.xtec.cat\/escola-solivent\/wp-json\/wp\/v2\/media?parent=1356"}],"wp:term":[{"taxonomy":"category","embeddable":true,"href":"https:\/\/agora.xtec.cat\/escola-solivent\/wp-json\/wp\/v2\/categories?post=1356"},{"taxonomy":"post_tag","embeddable":true,"href":"https:\/\/agora.xtec.cat\/escola-solivent\/wp-json\/wp\/v2\/tags?post=1356"}],"curies":[{"name":"wp","href":"https:\/\/api.w.org\/{rel}","templated":true}]}}