{"id":1327,"date":"2018-02-27T20:16:06","date_gmt":"2018-02-27T19:16:06","guid":{"rendered":"http:\/\/agora.xtec.cat\/escola-solivent\/?p=1327"},"modified":"2018-02-27T20:16:06","modified_gmt":"2018-02-27T19:16:06","slug":"comunicat-previsions-meteorologiques","status":"publish","type":"post","link":"https:\/\/agora.xtec.cat\/escola-solivent\/general\/comunicat-previsions-meteorologiques\/","title":{"rendered":"COMUNICAT PREVISIONS METEOROL\u00d2GIQUES"},"content":{"rendered":"<div class=\"gmail_default\">Benvolgudes fam\u00edlies:<\/p>\n<\/div>\n<div class=\"gmail_default\">Despr\u00e9s de valorar la situaci\u00f3 meteorol\u00f2gica amb la Sra. alcaldessa, s&#8217;ha decidit el seg\u00fcent:<\/div>\n<div class=\"gmail_default\">\n<ul>\n<li>L&#8217;escola estar\u00e0 oberta, tot i que no podrem fer classes amb normalitat.<\/li>\n<\/ul>\n<\/div>\n<div class=\"gmail_default\">\n<ul>\n<li>No podem garantir que funcioni el servei de menjador.<\/li>\n<\/ul>\n<ul>\n<li>No podem garantir que pugui arribar a l&#8217;escola tot el personal docent.<\/li>\n<\/ul>\n<ul>\n<li>Dem\u00e0, a primera hora del mat\u00ed, es tornar\u00e0 a valorar la situaci\u00f3 i , en cas d&#8217;haver de tancar l&#8217;escola, s&#8217;informar\u00e0 a les fam\u00edlies amb tota l&#8217;antelaci\u00f3 que sigui possible.<\/li>\n<\/ul>\n<p>Com ja us he informat amb anterioritat els transport escolar ha quedat anul\u00b7lat.<\/p>\n<\/div>\n<div class=\"gmail_default\">Salutacions<\/div>\n","protected":false},"excerpt":{"rendered":"<p>Benvolgudes fam\u00edlies:<\/p>\n<p>Despr\u00e9s de valorar la situaci\u00f3 meteorol\u00f2gica amb la Sra. alcaldessa, s&#8217;ha decidit el seg\u00fcent:<\/p>\n<ul>\n<li>L&#8217;escola estar\u00e0 oberta, tot i que no podrem fer classes amb normalitat.<\/li>\n<\/ul>\n<ul>\n<li>No podem garantir que funcioni el servei de menjador.<\/li>\n<\/ul>\n<ul>\n<li>No podem garantir que pugui arribar a l&#8217;escola tot el personal docent.<\/li>\n<\/ul>\n<ul>\n<li>Dem\u00e0,&hellip;  <a href=\"https:\/\/agora.xtec.cat\/escola-solivent\/general\/comunicat-previsions-meteorologiques\/\" title=\"Read COMUNICAT PREVISIONS METEOROL\u00d2GIQUES\">Llegeix m\u00e9s\u00bb<\/a><br \/>\n","protected":false},"author":1,"featured_media":1328,"comment_status":"open","ping_status":"closed","sticky":false,"template":"","format":"standard","meta":{"_bbp_topic_count":0,"_bbp_reply_count":0,"_bbp_total_topic_count":0,"_bbp_total_reply_count":0,"_bbp_voice_count":0,"_bbp_anonymous_reply_count":0,"_bbp_topic_count_hidden":0,"_bbp_reply_count_hidden":0,"_bbp_forum_subforum_count":0,"footnotes":""},"categories":[1,2,4,5],"tags":[],"class_list":["post-1327","post","type-post","status-publish","format-standard","has-post-thumbnail","hentry","category-general","category-infantil","category-portada","category-primaria"],"post_mailing_queue_ids":[],"_links":{"self":[{"href":"https:\/\/agora.xtec.cat\/escola-solivent\/wp-json\/wp\/v2\/posts\/1327","targetHints":{"allow":["GET"]}}],"collection":[{"href":"https:\/\/agora.xtec.cat\/escola-solivent\/wp-json\/wp\/v2\/posts"}],"about":[{"href":"https:\/\/agora.xtec.cat\/escola-solivent\/wp-json\/wp\/v2\/types\/post"}],"author":[{"embeddable":true,"href":"https:\/\/agora.xtec.cat\/escola-solivent\/wp-json\/wp\/v2\/users\/1"}],"replies":[{"embeddable":true,"href":"https:\/\/agora.xtec.cat\/escola-solivent\/wp-json\/wp\/v2\/comments?post=1327"}],"version-history":[{"count":1,"href":"https:\/\/agora.xtec.cat\/escola-solivent\/wp-json\/wp\/v2\/posts\/1327\/revisions"}],"predecessor-version":[{"id":1329,"href":"https:\/\/agora.xtec.cat\/escola-solivent\/wp-json\/wp\/v2\/posts\/1327\/revisions\/1329"}],"wp:featuredmedia":[{"embeddable":true,"href":"https:\/\/agora.xtec.cat\/escola-solivent\/wp-json\/wp\/v2\/media\/1328"}],"wp:attachment":[{"href":"https:\/\/agora.xtec.cat\/escola-solivent\/wp-json\/wp\/v2\/media?parent=1327"}],"wp:term":[{"taxonomy":"category","embeddable":true,"href":"https:\/\/agora.xtec.cat\/escola-solivent\/wp-json\/wp\/v2\/categories?post=1327"},{"taxonomy":"post_tag","embeddable":true,"href":"https:\/\/agora.xtec.cat\/escola-solivent\/wp-json\/wp\/v2\/tags?post=1327"}],"curies":[{"name":"wp","href":"https:\/\/api.w.org\/{rel}","templated":true}]}}