{"id":1319,"date":"2018-02-22T13:54:49","date_gmt":"2018-02-22T12:54:49","guid":{"rendered":"http:\/\/agora.xtec.cat\/escola-solivent\/?p=1319"},"modified":"2018-02-22T13:54:49","modified_gmt":"2018-02-22T12:54:49","slug":"observem-lhort-a-lhivern","status":"publish","type":"post","link":"https:\/\/agora.xtec.cat\/escola-solivent\/general\/observem-lhort-a-lhivern\/","title":{"rendered":"OBSERVEM L&#8217;HORT A L&#8217;HIVERN"},"content":{"rendered":"<p align=\"justify\"><span style=\"font-family: Arial, sans-serif;\">Els alumnes de segon van anar a l&#8217;hort a observar els canvis en aquesta estaci\u00f3 de l&#8217;any.<\/span><\/p>\n<p align=\"justify\"><span style=\"font-family: Arial, sans-serif;\">Passejant per l&#8217;hort van veure els arbres de fulla caduca despullats esperant la primavera per a tornar a rebrotar tiges i fulles; els arbres de fulla perenne (l&#8217;alzina, el taronger agre que \u00e9s l\u00b4\u00fanic que t\u00e9 fruits,&#8230;); els crestall amb les faveres i pesoleres molt petites encara; les plantes arom\u00e0tiques tan resistents al fred de l&#8217;hivern; la bassa dels peixos i, finalment, van poder observar l&#8217;eucaliptus, l&#8217;arbre m\u00e9s gran que ten\u00edem a l&#8217;hort, a terra. Malauradament, la tramuntana l&#8217;havia fet caure i el Sr Fernando amb uns ajudants l&#8217;estaven serrant. Tots es van posar molt tristos per\u00f2, per sort, van dir , no va caure a sobre la bassa dels peixos.<\/span><\/p>\n<p align=\"justify\"><span style=\"font-family: Arial, sans-serif;\">Un cop feta l&#8217;observaci\u00f3 van poder fer un dibuix de l&#8217; hort a l\u00b4hivern.<\/span><\/p>\n<p align=\"justify\">Us deixem un <a href=\"https:\/\/photos.app.goo.gl\/gLBlUPuEFZ98ieLI3\">link <\/a>per veure m\u00e9s fotos.<\/p>\n","protected":false},"excerpt":{"rendered":"<p>Els alumnes de segon van anar a l&#8217;hort a observar els canvis en aquesta estaci\u00f3 de l&#8217;any.<br \/>\nPassejant per l&#8217;hort van veure els arbres de fulla caduca despullats esperant la primavera per a tornar a rebrotar tiges i fulles; els arbres de fulla perenne (l&#8217;alzina, el&hellip;  <a href=\"https:\/\/agora.xtec.cat\/escola-solivent\/general\/observem-lhort-a-lhivern\/\" title=\"Read OBSERVEM L&#8217;HORT A L&#8217;HIVERN\">Llegeix m\u00e9s\u00bb<\/a><\/p>\n","protected":false},"author":1,"featured_media":1320,"comment_status":"open","ping_status":"closed","sticky":false,"template":"","format":"standard","meta":{"_bbp_topic_count":0,"_bbp_reply_count":0,"_bbp_total_topic_count":0,"_bbp_total_reply_count":0,"_bbp_voice_count":0,"_bbp_anonymous_reply_count":0,"_bbp_topic_count_hidden":0,"_bbp_reply_count_hidden":0,"_bbp_forum_subforum_count":0,"footnotes":""},"categories":[11,1,4,5],"tags":[],"class_list":["post-1319","post","type-post","status-publish","format-standard","has-post-thumbnail","hentry","category-2n","category-general","category-portada","category-primaria"],"post_mailing_queue_ids":[],"_links":{"self":[{"href":"https:\/\/agora.xtec.cat\/escola-solivent\/wp-json\/wp\/v2\/posts\/1319","targetHints":{"allow":["GET"]}}],"collection":[{"href":"https:\/\/agora.xtec.cat\/escola-solivent\/wp-json\/wp\/v2\/posts"}],"about":[{"href":"https:\/\/agora.xtec.cat\/escola-solivent\/wp-json\/wp\/v2\/types\/post"}],"author":[{"embeddable":true,"href":"https:\/\/agora.xtec.cat\/escola-solivent\/wp-json\/wp\/v2\/users\/1"}],"replies":[{"embeddable":true,"href":"https:\/\/agora.xtec.cat\/escola-solivent\/wp-json\/wp\/v2\/comments?post=1319"}],"version-history":[{"count":1,"href":"https:\/\/agora.xtec.cat\/escola-solivent\/wp-json\/wp\/v2\/posts\/1319\/revisions"}],"predecessor-version":[{"id":1321,"href":"https:\/\/agora.xtec.cat\/escola-solivent\/wp-json\/wp\/v2\/posts\/1319\/revisions\/1321"}],"wp:featuredmedia":[{"embeddable":true,"href":"https:\/\/agora.xtec.cat\/escola-solivent\/wp-json\/wp\/v2\/media\/1320"}],"wp:attachment":[{"href":"https:\/\/agora.xtec.cat\/escola-solivent\/wp-json\/wp\/v2\/media?parent=1319"}],"wp:term":[{"taxonomy":"category","embeddable":true,"href":"https:\/\/agora.xtec.cat\/escola-solivent\/wp-json\/wp\/v2\/categories?post=1319"},{"taxonomy":"post_tag","embeddable":true,"href":"https:\/\/agora.xtec.cat\/escola-solivent\/wp-json\/wp\/v2\/tags?post=1319"}],"curies":[{"name":"wp","href":"https:\/\/api.w.org\/{rel}","templated":true}]}}