{"id":1261,"date":"2018-01-16T13:46:02","date_gmt":"2018-01-16T12:46:02","guid":{"rendered":"http:\/\/agora.xtec.cat\/escola-solivent\/?p=1261"},"modified":"2018-01-16T13:46:02","modified_gmt":"2018-01-16T12:46:02","slug":"recollim-els-enciams-1r","status":"publish","type":"post","link":"https:\/\/agora.xtec.cat\/escola-solivent\/general\/recollim-els-enciams-1r\/","title":{"rendered":"RECOLLIM ELS ENCIAMS 1r"},"content":{"rendered":"<p>Un mat\u00ed molt assolellat del mes d\u2019 octubre plant\u00e0rem els enciams i les escaroles.Des de llavors han anat creixent i cada vegada\u00a0 que an\u00e0vem a l\u2019 hort mir\u00e0vem com estaven i tr\u00e8iem les herbes\u00a0 que hi havia en el crestall.<\/p>\n<p>Tornant de les vacances en Fernando ens va dir que ja els pod\u00edem collir perqu\u00e8 eren grans i si fes fred es podrien fer malb\u00e9.Hem deixat les escaroles per recollir m\u00e9s endavant.<\/p>\n<p>CLIQUEU <a href=\"https:\/\/photos.app.goo.gl\/al2pg8VwJ3WSSVwp2\">AQU\u00cd <\/a>PER VEURE M\u00c9S FOTOS.<\/p>\n","protected":false},"excerpt":{"rendered":"<p>Un mat\u00ed molt assolellat del mes d\u2019 octubre plant\u00e0rem els enciams i les escaroles.Des de llavors han anat creixent i cada vegada\u00a0 que an\u00e0vem a l\u2019 hort mir\u00e0vem com estaven i tr\u00e8iem les herbes\u00a0 que hi havia en el crestall.<br \/>\nTornant de les vacances en Fernando&hellip;  <a href=\"https:\/\/agora.xtec.cat\/escola-solivent\/general\/recollim-els-enciams-1r\/\" title=\"Read RECOLLIM ELS ENCIAMS 1r\">Llegeix m\u00e9s\u00bb<\/a><\/p>\n","protected":false},"author":1,"featured_media":1262,"comment_status":"open","ping_status":"closed","sticky":false,"template":"","format":"standard","meta":{"_bbp_topic_count":0,"_bbp_reply_count":0,"_bbp_total_topic_count":0,"_bbp_total_reply_count":0,"_bbp_voice_count":0,"_bbp_anonymous_reply_count":0,"_bbp_topic_count_hidden":0,"_bbp_reply_count_hidden":0,"_bbp_forum_subforum_count":0,"footnotes":""},"categories":[10,1,4,5],"tags":[],"class_list":["post-1261","post","type-post","status-publish","format-standard","has-post-thumbnail","hentry","category-1r","category-general","category-portada","category-primaria"],"post_mailing_queue_ids":[],"_links":{"self":[{"href":"https:\/\/agora.xtec.cat\/escola-solivent\/wp-json\/wp\/v2\/posts\/1261","targetHints":{"allow":["GET"]}}],"collection":[{"href":"https:\/\/agora.xtec.cat\/escola-solivent\/wp-json\/wp\/v2\/posts"}],"about":[{"href":"https:\/\/agora.xtec.cat\/escola-solivent\/wp-json\/wp\/v2\/types\/post"}],"author":[{"embeddable":true,"href":"https:\/\/agora.xtec.cat\/escola-solivent\/wp-json\/wp\/v2\/users\/1"}],"replies":[{"embeddable":true,"href":"https:\/\/agora.xtec.cat\/escola-solivent\/wp-json\/wp\/v2\/comments?post=1261"}],"version-history":[{"count":1,"href":"https:\/\/agora.xtec.cat\/escola-solivent\/wp-json\/wp\/v2\/posts\/1261\/revisions"}],"predecessor-version":[{"id":1263,"href":"https:\/\/agora.xtec.cat\/escola-solivent\/wp-json\/wp\/v2\/posts\/1261\/revisions\/1263"}],"wp:featuredmedia":[{"embeddable":true,"href":"https:\/\/agora.xtec.cat\/escola-solivent\/wp-json\/wp\/v2\/media\/1262"}],"wp:attachment":[{"href":"https:\/\/agora.xtec.cat\/escola-solivent\/wp-json\/wp\/v2\/media?parent=1261"}],"wp:term":[{"taxonomy":"category","embeddable":true,"href":"https:\/\/agora.xtec.cat\/escola-solivent\/wp-json\/wp\/v2\/categories?post=1261"},{"taxonomy":"post_tag","embeddable":true,"href":"https:\/\/agora.xtec.cat\/escola-solivent\/wp-json\/wp\/v2\/tags?post=1261"}],"curies":[{"name":"wp","href":"https:\/\/api.w.org\/{rel}","templated":true}]}}