{"id":1254,"date":"2018-01-15T12:42:49","date_gmt":"2018-01-15T11:42:49","guid":{"rendered":"http:\/\/agora.xtec.cat\/escola-solivent\/?p=1254"},"modified":"2018-01-15T12:42:49","modified_gmt":"2018-01-15T11:42:49","slug":"els-nens-i-nenes-de-segon-han-sembrat-pesols","status":"publish","type":"post","link":"https:\/\/agora.xtec.cat\/escola-solivent\/general\/els-nens-i-nenes-de-segon-han-sembrat-pesols\/","title":{"rendered":"ELS NENS I NENES DE SEGON  HAN SEMBRAT P\u00c8SOLS"},"content":{"rendered":"<p lang=\"ca-ES\" align=\"justify\"><span style=\"font-family: Times New Roman, serif;\"><span style=\"font-size: medium;\"><span style=\"font-family: Arial, sans-serif;\"><span style=\"font-size: large;\">El dia 12 de gener els nens i les nenes de 2n vam sembrar p\u00e8sols a l\u2019hort. Primer vam fer tres regues al nostre crestall. I, despr\u00e9s, vam repartir quatre o cinc llavors de p\u00e8sol a cada nen i els anava sembrant . Calia guardar una dist\u00e0ncia d\u2019un pam entre sembra i sembra. Esperem tenir una bona collita!<\/span><\/span><\/span><\/span><\/p>\n<p lang=\"ca-ES\" align=\"justify\">Cliqueu <a href=\"https:\/\/photos.app.goo.gl\/s1PIC9aLy49XwfTq1\">aqu\u00ed <\/a>per veure m\u00e9s fotos.<\/p>\n","protected":false},"excerpt":{"rendered":"<p>El dia 12 de gener els nens i les nenes de 2n vam sembrar p\u00e8sols a l\u2019hort. Primer vam fer tres regues al nostre crestall. I, despr\u00e9s, vam repartir quatre o cinc llavors de p\u00e8sol a cada nen i els anava sembrant . Calia guardar&hellip;  <a href=\"https:\/\/agora.xtec.cat\/escola-solivent\/general\/els-nens-i-nenes-de-segon-han-sembrat-pesols\/\" title=\"Read ELS NENS I NENES DE SEGON  HAN SEMBRAT P\u00c8SOLS\">Llegeix m\u00e9s\u00bb<\/a><\/p>\n","protected":false},"author":1,"featured_media":1255,"comment_status":"open","ping_status":"closed","sticky":false,"template":"","format":"standard","meta":{"_bbp_topic_count":0,"_bbp_reply_count":0,"_bbp_total_topic_count":0,"_bbp_total_reply_count":0,"_bbp_voice_count":0,"_bbp_anonymous_reply_count":0,"_bbp_topic_count_hidden":0,"_bbp_reply_count_hidden":0,"_bbp_forum_subforum_count":0,"footnotes":""},"categories":[11,1,4],"tags":[],"class_list":["post-1254","post","type-post","status-publish","format-standard","has-post-thumbnail","hentry","category-2n","category-general","category-portada"],"post_mailing_queue_ids":[],"_links":{"self":[{"href":"https:\/\/agora.xtec.cat\/escola-solivent\/wp-json\/wp\/v2\/posts\/1254","targetHints":{"allow":["GET"]}}],"collection":[{"href":"https:\/\/agora.xtec.cat\/escola-solivent\/wp-json\/wp\/v2\/posts"}],"about":[{"href":"https:\/\/agora.xtec.cat\/escola-solivent\/wp-json\/wp\/v2\/types\/post"}],"author":[{"embeddable":true,"href":"https:\/\/agora.xtec.cat\/escola-solivent\/wp-json\/wp\/v2\/users\/1"}],"replies":[{"embeddable":true,"href":"https:\/\/agora.xtec.cat\/escola-solivent\/wp-json\/wp\/v2\/comments?post=1254"}],"version-history":[{"count":1,"href":"https:\/\/agora.xtec.cat\/escola-solivent\/wp-json\/wp\/v2\/posts\/1254\/revisions"}],"predecessor-version":[{"id":1256,"href":"https:\/\/agora.xtec.cat\/escola-solivent\/wp-json\/wp\/v2\/posts\/1254\/revisions\/1256"}],"wp:featuredmedia":[{"embeddable":true,"href":"https:\/\/agora.xtec.cat\/escola-solivent\/wp-json\/wp\/v2\/media\/1255"}],"wp:attachment":[{"href":"https:\/\/agora.xtec.cat\/escola-solivent\/wp-json\/wp\/v2\/media?parent=1254"}],"wp:term":[{"taxonomy":"category","embeddable":true,"href":"https:\/\/agora.xtec.cat\/escola-solivent\/wp-json\/wp\/v2\/categories?post=1254"},{"taxonomy":"post_tag","embeddable":true,"href":"https:\/\/agora.xtec.cat\/escola-solivent\/wp-json\/wp\/v2\/tags?post=1254"}],"curies":[{"name":"wp","href":"https:\/\/api.w.org\/{rel}","templated":true}]}}