{"id":1204,"date":"2017-11-29T09:04:33","date_gmt":"2017-11-29T08:04:33","guid":{"rendered":"http:\/\/agora.xtec.cat\/escola-solivent\/?p=1204"},"modified":"2017-11-29T09:04:33","modified_gmt":"2017-11-29T08:04:33","slug":"explicacio-del-conte-de-les-7-cabretes-i-el-llop","status":"publish","type":"post","link":"https:\/\/agora.xtec.cat\/escola-solivent\/general\/explicacio-del-conte-de-les-7-cabretes-i-el-llop\/","title":{"rendered":"EXPLICACI\u00d3 DEL CONTE DE LES 7 CABRETES I EL LLOP"},"content":{"rendered":"<p>ELS NENS I LES NENES DE P5 HEM TREBALLAT EL CONTE DE LES 7 CABRETES I EL LLOP. EN PRIMER LLOC, L\u2019HEM EXPLICAT I DESPR\u00c9S HEM DECIDIT FER-NE UNA REPRESENTACI\u00d3. CADASC\u00da HA ESCOLLIT EL PERSONATGE QUE M\u00c9S LI HA AGRADAT I COM QUE SOM UNA COLLA DE NENS I NENES HEM AFEGIT PERSONATGES QUE NO SURTEN AL CONTE: CUCUTS, CONILLS I ESQUIROLS. ENS HEM MAQUILLAT, HEM PREPARAT EL DI\u00c0LEG, LES CAN\u00c7ONS,.. I FINALMENT HO HEM REPRESENTAT ALS NOSTRES PADRINS I PADRINES DE LECTURA I FINS I TOT ELS NOSTRES COMPANYS DE P3 I P4. ENS HO HEM PASSAT MOLT I MOLT B\u00c9.<\/p>\n<p>&nbsp;<\/p>\n<p>Us deixem un <a href=\"https:\/\/photos.app.goo.gl\/9vAPYfO4AxiBTZAe2\">enlla\u00e7 <\/a>per veure totes les fotos.<\/p>\n","protected":false},"excerpt":{"rendered":"<p>ELS NENS I LES NENES DE P5 HEM TREBALLAT EL CONTE DE LES 7 CABRETES I EL LLOP. EN PRIMER LLOC, L\u2019HEM EXPLICAT I DESPR\u00c9S HEM DECIDIT FER-NE UNA REPRESENTACI\u00d3. CADASC\u00da HA ESCOLLIT EL PERSONATGE QUE M\u00c9S LI HA AGRADAT I COM QUE SOM UNA&hellip;  <a href=\"https:\/\/agora.xtec.cat\/escola-solivent\/general\/explicacio-del-conte-de-les-7-cabretes-i-el-llop\/\" title=\"Read EXPLICACI\u00d3 DEL CONTE DE LES 7 CABRETES I EL LLOP\">Llegeix m\u00e9s\u00bb<\/a><\/p>\n","protected":false},"author":1,"featured_media":1205,"comment_status":"open","ping_status":"closed","sticky":false,"template":"","format":"standard","meta":{"_bbp_topic_count":0,"_bbp_reply_count":0,"_bbp_total_topic_count":0,"_bbp_total_reply_count":0,"_bbp_voice_count":0,"_bbp_anonymous_reply_count":0,"_bbp_topic_count_hidden":0,"_bbp_reply_count_hidden":0,"_bbp_forum_subforum_count":0,"footnotes":""},"categories":[1,2,9,4],"tags":[],"class_list":["post-1204","post","type-post","status-publish","format-standard","has-post-thumbnail","hentry","category-general","category-infantil","category-i5","category-portada"],"post_mailing_queue_ids":[],"_links":{"self":[{"href":"https:\/\/agora.xtec.cat\/escola-solivent\/wp-json\/wp\/v2\/posts\/1204","targetHints":{"allow":["GET"]}}],"collection":[{"href":"https:\/\/agora.xtec.cat\/escola-solivent\/wp-json\/wp\/v2\/posts"}],"about":[{"href":"https:\/\/agora.xtec.cat\/escola-solivent\/wp-json\/wp\/v2\/types\/post"}],"author":[{"embeddable":true,"href":"https:\/\/agora.xtec.cat\/escola-solivent\/wp-json\/wp\/v2\/users\/1"}],"replies":[{"embeddable":true,"href":"https:\/\/agora.xtec.cat\/escola-solivent\/wp-json\/wp\/v2\/comments?post=1204"}],"version-history":[{"count":1,"href":"https:\/\/agora.xtec.cat\/escola-solivent\/wp-json\/wp\/v2\/posts\/1204\/revisions"}],"predecessor-version":[{"id":1206,"href":"https:\/\/agora.xtec.cat\/escola-solivent\/wp-json\/wp\/v2\/posts\/1204\/revisions\/1206"}],"wp:featuredmedia":[{"embeddable":true,"href":"https:\/\/agora.xtec.cat\/escola-solivent\/wp-json\/wp\/v2\/media\/1205"}],"wp:attachment":[{"href":"https:\/\/agora.xtec.cat\/escola-solivent\/wp-json\/wp\/v2\/media?parent=1204"}],"wp:term":[{"taxonomy":"category","embeddable":true,"href":"https:\/\/agora.xtec.cat\/escola-solivent\/wp-json\/wp\/v2\/categories?post=1204"},{"taxonomy":"post_tag","embeddable":true,"href":"https:\/\/agora.xtec.cat\/escola-solivent\/wp-json\/wp\/v2\/tags?post=1204"}],"curies":[{"name":"wp","href":"https:\/\/api.w.org\/{rel}","templated":true}]}}