{"id":1186,"date":"2017-11-21T13:01:46","date_gmt":"2017-11-21T12:01:46","guid":{"rendered":"http:\/\/agora.xtec.cat\/escola-solivent\/?p=1186"},"modified":"2017-11-21T13:03:15","modified_gmt":"2017-11-21T12:03:15","slug":"cicle-inicial-visita-la-fageda-den-jorda","status":"publish","type":"post","link":"https:\/\/agora.xtec.cat\/escola-solivent\/general\/cicle-inicial-visita-la-fageda-den-jorda\/","title":{"rendered":"CICLE INICIAL VISITA LA FAGEDA D&#8217;EN JORD\u00c0"},"content":{"rendered":"<p align=\"justify\"><span style=\"font-family: Arial,sans-serif;\"><span style=\"font-size: large;\">Els <\/span><\/span><span style=\"font-family: Arial,sans-serif;\"><span style=\"font-size: large;\">nens<\/span><\/span> <span style=\"font-family: Arial,sans-serif;\"><span style=\"font-size: large;\">i les<\/span><\/span> <span style=\"font-family: Arial,sans-serif;\"><span style=\"font-size: large;\">nenes<\/span><\/span><span style=\"font-family: Arial,sans-serif;\"><span style=\"font-size: large;\"> de C<\/span><\/span><span style=\"font-family: Arial,sans-serif;\"><span style=\"font-size: large;\">icle <\/span><\/span><span style=\"font-family: Arial,sans-serif;\"><span style=\"font-size: large;\">Inicial han fet una sortida a la reserva natural de La Fageda d&#8217;en Jord\u00e0 que forma part del Parc Natural de la zona volc\u00e0nica de la Garrotxa. S&#8217;han pogut passejar per un bosc de faigs excepcional <\/span><\/span> <span style=\"font-family: Arial,sans-serif;\"><span style=\"font-size: large;\"> format en un terreny planer damunt d&#8217;una colada de lava procedent del volc\u00e0 Croscat. <\/span><\/span><\/p>\n<p align=\"justify\"><span style=\"font-family: Arial,sans-serif;\"><span style=\"font-size: large;\">Al mig de la fageda hi ha les instal\u00b7lacions de la cooperativa La Fageda, una empresa sense afany de lucre que es dedica a l&#8217;elaboraci\u00f3 de iogurts i altres productes l\u00e0ctics. La peculiaritat d&#8217;aquesta empresa \u00e9s que el 60% de treballadors s\u00f3n persones amb alguna discapacitat. A part de productes l\u00e0ctics, tamb\u00e9 tenen un viver de plantes i la granja de vaques on els alumnes han pogut veure i, fins i tot, tocar algun vedell i alguna vaca lletera. Despr\u00e9s de visionar un documental sobre la hist\u00f2ria de la cooperativa, tots els nens i nenes han pogut tastar un iogurt o flam de la Fageda.<\/span><\/span><\/p>\n<p align=\"justify\"><span style=\"font-family: Arial,sans-serif;\"><span style=\"font-size: large;\">I, havent dinat, han gaudit de la m\u00e0gia del bosc fent una passejada amb carruatges per l&#8217;interior de la fageda. Amb una petita parada per escoltar un conte fant\u00e0stic i fer-se una foto de grup molt especial!<\/span><\/span><\/p>\n<p align=\"justify\">Us deixem un <a href=\"https:\/\/photos.app.goo.gl\/2FdplStBT1wkrbJR2\">enlla\u00e7 <\/a>amb les fotos.<\/p>\n<p align=\"justify\">\n","protected":false},"excerpt":{"rendered":"<p>Els nens i les nenes de Cicle Inicial han fet una sortida a la reserva natural de La Fageda d&#8217;en Jord\u00e0 que forma part del Parc Natural de la zona volc\u00e0nica de la Garrotxa. S&#8217;han pogut passejar per un bosc de faigs excepcional  &hellip;  <a href=\"https:\/\/agora.xtec.cat\/escola-solivent\/general\/cicle-inicial-visita-la-fageda-den-jorda\/\" title=\"Read CICLE INICIAL VISITA LA FAGEDA D&#8217;EN JORD\u00c0\">Llegeix m\u00e9s\u00bb<\/a><\/p>\n","protected":false},"author":1,"featured_media":1199,"comment_status":"open","ping_status":"closed","sticky":false,"template":"","format":"standard","meta":{"_bbp_topic_count":0,"_bbp_reply_count":0,"_bbp_total_topic_count":0,"_bbp_total_reply_count":0,"_bbp_voice_count":0,"_bbp_anonymous_reply_count":0,"_bbp_topic_count_hidden":0,"_bbp_reply_count_hidden":0,"_bbp_forum_subforum_count":0,"footnotes":""},"categories":[10,11,1,4,5],"tags":[],"class_list":["post-1186","post","type-post","status-publish","format-standard","has-post-thumbnail","hentry","category-1r","category-2n","category-general","category-portada","category-primaria"],"post_mailing_queue_ids":[],"_links":{"self":[{"href":"https:\/\/agora.xtec.cat\/escola-solivent\/wp-json\/wp\/v2\/posts\/1186","targetHints":{"allow":["GET"]}}],"collection":[{"href":"https:\/\/agora.xtec.cat\/escola-solivent\/wp-json\/wp\/v2\/posts"}],"about":[{"href":"https:\/\/agora.xtec.cat\/escola-solivent\/wp-json\/wp\/v2\/types\/post"}],"author":[{"embeddable":true,"href":"https:\/\/agora.xtec.cat\/escola-solivent\/wp-json\/wp\/v2\/users\/1"}],"replies":[{"embeddable":true,"href":"https:\/\/agora.xtec.cat\/escola-solivent\/wp-json\/wp\/v2\/comments?post=1186"}],"version-history":[{"count":1,"href":"https:\/\/agora.xtec.cat\/escola-solivent\/wp-json\/wp\/v2\/posts\/1186\/revisions"}],"predecessor-version":[{"id":1200,"href":"https:\/\/agora.xtec.cat\/escola-solivent\/wp-json\/wp\/v2\/posts\/1186\/revisions\/1200"}],"wp:featuredmedia":[{"embeddable":true,"href":"https:\/\/agora.xtec.cat\/escola-solivent\/wp-json\/wp\/v2\/media\/1199"}],"wp:attachment":[{"href":"https:\/\/agora.xtec.cat\/escola-solivent\/wp-json\/wp\/v2\/media?parent=1186"}],"wp:term":[{"taxonomy":"category","embeddable":true,"href":"https:\/\/agora.xtec.cat\/escola-solivent\/wp-json\/wp\/v2\/categories?post=1186"},{"taxonomy":"post_tag","embeddable":true,"href":"https:\/\/agora.xtec.cat\/escola-solivent\/wp-json\/wp\/v2\/tags?post=1186"}],"curies":[{"name":"wp","href":"https:\/\/api.w.org\/{rel}","templated":true}]}}